{"id":19859,"date":"2025-11-12T12:15:36","date_gmt":"2025-11-12T11:15:36","guid":{"rendered":"https:\/\/serbenidorm.daliisolutions.com\/index.php\/2025\/11\/12\/toni-perez-a-juanfran-perez-llorca-tras-su-designacion-nadie-como-tu-para-liderar-el-reto\/"},"modified":"2025-11-12T12:15:36","modified_gmt":"2025-11-12T11:15:36","slug":"toni-perez-a-juanfran-perez-llorca-tras-su-designacion-nadie-como-tu-para-liderar-el-reto","status":"publish","type":"post","link":"https:\/\/serbenidorm.daliisolutions.com\/index.php\/2025\/11\/12\/toni-perez-a-juanfran-perez-llorca-tras-su-designacion-nadie-como-tu-para-liderar-el-reto\/","title":{"rendered":"Toni P\u00e9rez a Juanfran P\u00e9rez Llorca tras su designaci\u00f3n: \u00abNadie como t\u00fa para liderar el reto\u00bb"},"content":{"rendered":" <p>Y siguen las valoraciones a la designaci\u00f3n por parte de la direcci\u00f3n nacional de <a href=\"https:\/\/cadenaser.com\/nacional\/2025\/11\/11\/juan-francisco-perez-llorca-candidato-del-pp-a-la-presidencia-de-la-generalitat-valenciana-de-cara-al-pleno-de-investidura-que-se-convocara-en-los-proximos-dias-cadena-ser\/\" target=\"_blank\" rel=\"nofollow\" title=\"https:\/\/cadenaser.com\/nacional\/2025\/11\/11\/juan-francisco-perez-llorca-candidato-del-pp-a-la-presidencia-de-la-generalitat-valenciana-de-cara-al-pleno-de-investidura-que-se-convocara-en-los-proximos-dias-cadena-ser\/\">Juanfran P\u00e9rez Llorca cono candidato del PP a presidir la Generalitat Valenciana en sustituci\u00f3n de Carlos Maz\u00f3n<\/a>.<\/p>  <p>El l\u00edder de los populares en la provincia, alcalde de Benidorm y presidente de la Diputaci\u00f3n Provincial, en su instagram, este mi\u00e9rcoles, ha destacado que \u00abel reto es colosal\u00bb.<\/p>  <p>\u00abY nadie como t\u00fa, en referencia a P\u00e9rez Llorca, para liderarlo\u00bb. En un mensaje pr\u00f3ximo con otro alcalde de la comarca de la Marina Baixa (Alicante), Toni P\u00e9rez destaca: \u00abexperiencia, rigor, esfuerzo y cercan\u00eda\u00bb y traslada su enhorabuena a la persona designada por Alberto N\u00fa\u00f1ez Feij\u00f3o para sustituir a Carlos Maz\u00f3n.<\/p>  <p>Le insta a \u00abir a por todas\u00bb, \u00abi ja sabeu, dice textual, hui i sempre!&#8230;<\/p>  <blockquote class=\"instagram-media\" data-instgrm-captioned data-instgrm-permalink=\"https:\/\/www.instagram.com\/p\/DQ8oCVHDI1h\/?utm_source=ig_embed&amp;utm_campaign=loading\" data-instgrm-version=\"14\" style=\"background:#FFF;border:0;border-radius:3px;margin: 1px;max-width:658px;min-width:326px;padding:0;width:99.375%;width:-webkit-calc(100% - 2px);width:calc(100% - 2px)\"><div style=\"padding:16px\"> <a href=\"https:\/\/www.instagram.com\/p\/DQ8oCVHDI1h\/?utm_source=ig_embed&amp;utm_campaign=loading\" style=\"background:#FFFFFF;line-height:0;padding:0 0;text-align:center;text-decoration:none;width:100%\" target=\"_blank\"> <div style=\"flex-direction: row;align-items: center\"> <div style=\"background-color: #F4F4F4;border-radius: 50%;flex-grow: 0;height: 40px;margin-right: 14px;width: 40px\"><\/div> <div style=\"flex-direction: column;flex-grow: 1;justify-content: center\"> <div style=\"background-color: #F4F4F4;border-radius: 4px;flex-grow: 0;height: 14px;margin-bottom: 6px;width: 100px\"><\/div> <div style=\"background-color: #F4F4F4;border-radius: 4px;flex-grow: 0;height: 14px;width: 60px\"><\/div><\/div><\/div><div style=\"padding: 19% 0\"><\/div> <div style=\"height:50px;margin:0 auto 12px;width:50px\"><\/div><div style=\"padding-top: 8px\"> <div style=\"color:#3897f0;font-family:Arial,sans-serif;font-size:14px;font-style:normal;font-weight:550;line-height:18px\">View this post on Instagram<\/div><\/div><div style=\"padding: 12.5% 0\"><\/div> <div style=\"flex-direction: row;margin-bottom: 14px;align-items: center\"><div> <div style=\"background-color: #F4F4F4;border-radius: 50%;height: 12.5px;width: 12.5px\"><\/div> <div style=\"background-color: #F4F4F4;height: 12.5px;width: 12.5px;flex-grow: 0;margin-right: 14px;margin-left: 2px\"><\/div> <div style=\"background-color: #F4F4F4;border-radius: 50%;height: 12.5px;width: 12.5px\"><\/div><\/div><div style=\"margin-left: 8px\"> <div style=\"background-color: #F4F4F4;border-radius: 50%;flex-grow: 0;height: 20px;width: 20px\"><\/div> <div style=\"width: 0;height: 0;border-top: 2px solid transparent;border-left: 6px solid #f4f4f4;border-bottom: 2px solid transparent\"><\/div><\/div><div style=\"margin-left: auto\"> <div style=\"width: 0px;border-top: 8px solid #F4F4F4;border-right: 8px solid transparent\"><\/div> <div style=\"background-color: #F4F4F4;flex-grow: 0;height: 12px;width: 16px\"><\/div> <div style=\"width: 0;height: 0;border-top: 8px solid #F4F4F4;border-left: 8px solid transparent\"><\/div><\/div><\/div> <div style=\"flex-direction: column;flex-grow: 1;justify-content: center;margin-bottom: 24px\"> <div style=\"background-color: #F4F4F4;border-radius: 4px;flex-grow: 0;height: 14px;margin-bottom: 6px;width: 224px\"><\/div> <div style=\"background-color: #F4F4F4;border-radius: 4px;flex-grow: 0;height: 14px;width: 144px\"><\/div><\/div><\/a><\/div><\/blockquote>\n&lt;\/script&gt; ","protected":false},"excerpt":{"rendered":"<p>El presidente de los populares de Alicante, presidente de la Diputaci\u00f3n y alcalde de Benidorm define a P\u00e9rez Llorca: \u00abexperiencia, rigor, esfuerzo y cercan\u00eda\u00bb<\/p>\n","protected":false},"author":0,"featured_media":19860,"comment_status":"","ping_status":"open","sticky":false,"template":"","format":"standard","meta":{"_acf_changed":false,"footnotes":""},"categories":[1],"tags":[],"class_list":["post-19859","post","type-post","status-publish","format-standard","has-post-thumbnail","hentry","category-sin-categoria"],"acf":{"ser_id":"RGUU3F346JFLBIRFSMNGMFH4IY","ser_url":"https:\/\/cadenaser.com\/comunitat-valenciana\/2025\/11\/12\/toni-perez-a-juanfran-perez-llorca-tras-su-designacion-nadie-como-tu-para-liderar-el-reto-radio-alicante\/"},"_links":{"self":[{"href":"https:\/\/serbenidorm.daliisolutions.com\/index.php\/wp-json\/wp\/v2\/posts\/19859","targetHints":{"allow":["GET"]}}],"collection":[{"href":"https:\/\/serbenidorm.daliisolutions.com\/index.php\/wp-json\/wp\/v2\/posts"}],"about":[{"href":"https:\/\/serbenidorm.daliisolutions.com\/index.php\/wp-json\/wp\/v2\/types\/post"}],"replies":[{"embeddable":true,"href":"https:\/\/serbenidorm.daliisolutions.com\/index.php\/wp-json\/wp\/v2\/comments?post=19859"}],"version-history":[{"count":0,"href":"https:\/\/serbenidorm.daliisolutions.com\/index.php\/wp-json\/wp\/v2\/posts\/19859\/revisions"}],"wp:featuredmedia":[{"embeddable":true,"href":"https:\/\/serbenidorm.daliisolutions.com\/index.php\/wp-json\/wp\/v2\/media\/19860"}],"wp:attachment":[{"href":"https:\/\/serbenidorm.daliisolutions.com\/index.php\/wp-json\/wp\/v2\/media?parent=19859"}],"wp:term":[{"taxonomy":"category","embeddable":true,"href":"https:\/\/serbenidorm.daliisolutions.com\/index.php\/wp-json\/wp\/v2\/categories?post=19859"},{"taxonomy":"post_tag","embeddable":true,"href":"https:\/\/serbenidorm.daliisolutions.com\/index.php\/wp-json\/wp\/v2\/tags?post=19859"}],"curies":[{"name":"wp","href":"https:\/\/api.w.org\/{rel}","templated":true}]}}