{"id":19883,"date":"2025-11-13T10:40:45","date_gmt":"2025-11-13T09:40:45","guid":{"rendered":"https:\/\/serbenidorm.daliisolutions.com\/index.php\/2025\/11\/13\/los-bomberos-confirman-que-no-hay-heridos-en-el-incendio-del-hospital-de-la-marina-baixa\/"},"modified":"2025-11-13T10:40:45","modified_gmt":"2025-11-13T09:40:45","slug":"los-bomberos-confirman-que-no-hay-heridos-en-el-incendio-del-hospital-de-la-marina-baixa","status":"publish","type":"post","link":"https:\/\/serbenidorm.daliisolutions.com\/index.php\/2025\/11\/13\/los-bomberos-confirman-que-no-hay-heridos-en-el-incendio-del-hospital-de-la-marina-baixa\/","title":{"rendered":"Los bomberos confirman que \u201cno hay heridos\u201d en el incendio del Hospital de la Marina Baixa"},"content":{"rendered":" <p>Apenas 45 minutos despu\u00e9s de haber recibido el aviso de un incendio que est\u00e1 afectando esta ma\u00f1ana al Hospital Comarcal de la Marina Baixa, ubicado en la localidad de La Vila Joiosa, fuentes del Consorcio Provincial de Bomberos de Alicante han confirmado que \u201cno hay heridos\u201d y que las labores para la extinci\u00f3n de las llamas \u201cevolucionan favorablemente\u201d. <\/p>  <p>El aviso se ha recibido a las 9:13 horas y, tal y como han explicado esas mismas fuentes, las llamas se habr\u00edan originado en el s\u00f3tano de las obras de ampliaci\u00f3n del centro consumiendo \u201cabundante material y maquinaria de la obra\u201d, lo que habr\u00eda sido la causa principal de la enorme columna de humo, visible en la pr\u00e1ctica totalidad de la comarca, y que ha generado una gran alarma social.<\/p>  <p>Las autoridades han decretado el confinamiento del resto del personal y usuarios del hospital, cerrando puertas y ventanas y restringiendo el acceso a la zona sanitaria a todos los veh\u00edculos salvo aquellos que se dirigieran a la zona de Urgencias.<\/p>  <p>Menos de una hora despu\u00e9s del inicio del incendio, la columna de humo que se hab\u00eda generado en los primeros minutos ha desaparecido por completo y los bomberos, con veh\u00edculos y efectivos desplazados desde los parques de Benidorm y San Vicente, han podido controlar las llamas que, a las 10:15 horas, ya s\u00f3lo afectaban a la zona del s\u00f3tano.<\/p>  <p>Desde la Conselleria de Sanitat han explicado que el centro sigue operando con relativa normalidad y que se est\u00e1 permitiendo la salida de usuarios del reciento, aunque alertan de que la Polic\u00eda Local de La Vila Joiosa y la Guardia Civil de Tr\u00e1fico est\u00e1n ahora controlando los accesos por carretera al centro y s\u00f3lo se permite el paso para acceder al servicio de Urgencias.<\/p>  <p>As\u00ed mismo, esas mismas fuentes explican que tanto el director general de Gesti\u00f3n Econ\u00f3mica e Infraestructuras Hospitalarias, Pedro L\u00f3pez, y la Directora General de Atenci\u00f3n Hospitalaria, Asun Perales, se est\u00e1n dirigiendo hacia La Vila Joiosa para poder evaluar sobre el terreno el alcance del incendio.<\/p> ","protected":false},"excerpt":{"rendered":"<p>El fuego se ha declarado en el s\u00f3tano de las obras de ampliaci\u00f3n del centro | S\u00f3lo se permite el acceso a la zona de Urgencias<\/p>\n","protected":false},"author":0,"featured_media":19884,"comment_status":"","ping_status":"open","sticky":false,"template":"","format":"standard","meta":{"_acf_changed":false,"footnotes":""},"categories":[1],"tags":[],"class_list":["post-19883","post","type-post","status-publish","format-standard","has-post-thumbnail","hentry","category-sin-categoria"],"acf":{"ser_id":"CO6OWJM23VA7ZIRBWMNDWZZFNI","ser_url":"https:\/\/cadenaser.com\/comunitat-valenciana\/2025\/11\/13\/los-bomberos-confirman-que-no-hay-heridos-en-el-incendio-del-hospital-de-la-marina-baixa-radio-benidorm\/"},"_links":{"self":[{"href":"https:\/\/serbenidorm.daliisolutions.com\/index.php\/wp-json\/wp\/v2\/posts\/19883","targetHints":{"allow":["GET"]}}],"collection":[{"href":"https:\/\/serbenidorm.daliisolutions.com\/index.php\/wp-json\/wp\/v2\/posts"}],"about":[{"href":"https:\/\/serbenidorm.daliisolutions.com\/index.php\/wp-json\/wp\/v2\/types\/post"}],"replies":[{"embeddable":true,"href":"https:\/\/serbenidorm.daliisolutions.com\/index.php\/wp-json\/wp\/v2\/comments?post=19883"}],"version-history":[{"count":0,"href":"https:\/\/serbenidorm.daliisolutions.com\/index.php\/wp-json\/wp\/v2\/posts\/19883\/revisions"}],"wp:featuredmedia":[{"embeddable":true,"href":"https:\/\/serbenidorm.daliisolutions.com\/index.php\/wp-json\/wp\/v2\/media\/19884"}],"wp:attachment":[{"href":"https:\/\/serbenidorm.daliisolutions.com\/index.php\/wp-json\/wp\/v2\/media?parent=19883"}],"wp:term":[{"taxonomy":"category","embeddable":true,"href":"https:\/\/serbenidorm.daliisolutions.com\/index.php\/wp-json\/wp\/v2\/categories?post=19883"},{"taxonomy":"post_tag","embeddable":true,"href":"https:\/\/serbenidorm.daliisolutions.com\/index.php\/wp-json\/wp\/v2\/tags?post=19883"}],"curies":[{"name":"wp","href":"https:\/\/api.w.org\/{rel}","templated":true}]}}