{"id":19887,"date":"2025-11-13T18:25:12","date_gmt":"2025-11-13T17:25:12","guid":{"rendered":"https:\/\/serbenidorm.daliisolutions.com\/index.php\/2025\/11\/13\/sanitat-asegura-que-el-incendio-no-retrasara-las-obras-de-ampliacion-del-hospital-de-la-marina-baixa\/"},"modified":"2025-11-13T18:25:12","modified_gmt":"2025-11-13T17:25:12","slug":"sanitat-asegura-que-el-incendio-no-retrasara-las-obras-de-ampliacion-del-hospital-de-la-marina-baixa","status":"publish","type":"post","link":"https:\/\/serbenidorm.daliisolutions.com\/index.php\/2025\/11\/13\/sanitat-asegura-que-el-incendio-no-retrasara-las-obras-de-ampliacion-del-hospital-de-la-marina-baixa\/","title":{"rendered":"Sanitat asegura que el incendio no retrasar\u00e1 las obras de ampliaci\u00f3n del Hospital de la Marina Baixa"},"content":{"rendered":" <p>Controlado y extinguido el incendio que a primera hora de la ma\u00f1ana de hoy se ha declarado en el Hospital Comarcal de la Marina Baixa, ubicado en la localidad de La Vila Joiosa, los responsables de la Conselleria de Sanitat han comenzado ya a hacer balance de lo sucedido. El director general de Gesti\u00f3n Econ\u00f3mica e Infraestructuras Hospitalarias, Pedro L\u00f3pez, ha visitado el centro y ha avanzado que \u201ctodav\u00eda se desconocen las causas exactas\u201d que han podido originar unas llamas que, como avanzaban horas antes desde el Consorcio Provincial de Bomberos, habr\u00edan comenzado en el s\u00f3tano de las obras de ampliaci\u00f3n del centro.<\/p>  <p>L\u00f3pez tambi\u00e9n ha querido hacer un primer balance sobre la afectaci\u00f3n que el fuego pudiera tener sobre el desarrollo previsto de esos trabajos y ha explicado que \u201cel hormig\u00f3n es un material muy resistente a la temperatura\u201d aunque, pese a ello, \u201cya hemos hablado con el arquitecto y el director de obra y se va a analizar si se pudiera haber visto afectada alguna capa externa\u201d de ese hormig\u00f3n.<\/p>  <p>Con todo, Pedro L\u00f3pez ha avanzado que \u201cen principio, no tiene que afectar ni a la marcha de la obra ni a la seguridad estructural de la misma\u201d puntualizando que \u201ceso no es algo que nos deba preocupar ahora lo m\u00e1s m\u00ednimo\u201d.<\/p>  <p>Por su parte, la directora general de Atenci\u00f3n Hospitalaria, Asunci\u00f3n Perales, ha explicado que, una vez controladas las llamas, \u201cse ha retomado toda la actividad ordinaria del hospital tanto en consultas externas como en los quir\u00f3fanos\u201d. Una operativa asistencial, ha a\u00f1adido Perales, que s\u00ed se ha visto temporalmente interrumpida en el \u00e1rea quir\u00fargica.<\/p>  <p>All\u00ed, \u201cpara garantizar la seguridad\u201d de todos los trabajadores y pacientes, \u201cse cort\u00f3 la circulaci\u00f3n de aire hacia los quir\u00f3fanos\u201d, lo que oblig\u00f3 a suspender las operaciones \u201cdurante tres horas\u201d.<\/p> ","protected":false},"excerpt":{"rendered":"<p>Las llamas ya se han dado por extinguidas y por momento se desconocen las causas exactas de su origen<\/p>\n","protected":false},"author":0,"featured_media":19888,"comment_status":"","ping_status":"open","sticky":false,"template":"","format":"standard","meta":{"_acf_changed":false,"footnotes":""},"categories":[1],"tags":[],"class_list":["post-19887","post","type-post","status-publish","format-standard","has-post-thumbnail","hentry","category-sin-categoria"],"acf":{"ser_id":"CKZRWMIPWRBINNKBXL37KVNTTU","ser_url":"https:\/\/cadenaser.com\/comunitat-valenciana\/2025\/11\/13\/sanitat-asegura-que-el-incendio-no-retrasara-las-obras-de-ampliacion-del-hospital-de-la-marina-baixa-radio-benidorm\/"},"_links":{"self":[{"href":"https:\/\/serbenidorm.daliisolutions.com\/index.php\/wp-json\/wp\/v2\/posts\/19887","targetHints":{"allow":["GET"]}}],"collection":[{"href":"https:\/\/serbenidorm.daliisolutions.com\/index.php\/wp-json\/wp\/v2\/posts"}],"about":[{"href":"https:\/\/serbenidorm.daliisolutions.com\/index.php\/wp-json\/wp\/v2\/types\/post"}],"replies":[{"embeddable":true,"href":"https:\/\/serbenidorm.daliisolutions.com\/index.php\/wp-json\/wp\/v2\/comments?post=19887"}],"version-history":[{"count":0,"href":"https:\/\/serbenidorm.daliisolutions.com\/index.php\/wp-json\/wp\/v2\/posts\/19887\/revisions"}],"wp:featuredmedia":[{"embeddable":true,"href":"https:\/\/serbenidorm.daliisolutions.com\/index.php\/wp-json\/wp\/v2\/media\/19888"}],"wp:attachment":[{"href":"https:\/\/serbenidorm.daliisolutions.com\/index.php\/wp-json\/wp\/v2\/media?parent=19887"}],"wp:term":[{"taxonomy":"category","embeddable":true,"href":"https:\/\/serbenidorm.daliisolutions.com\/index.php\/wp-json\/wp\/v2\/categories?post=19887"},{"taxonomy":"post_tag","embeddable":true,"href":"https:\/\/serbenidorm.daliisolutions.com\/index.php\/wp-json\/wp\/v2\/tags?post=19887"}],"curies":[{"name":"wp","href":"https:\/\/api.w.org\/{rel}","templated":true}]}}