{"id":19922,"date":"2025-11-14T13:18:40","date_gmt":"2025-11-14T12:18:40","guid":{"rendered":"https:\/\/serbenidorm.daliisolutions.com\/index.php\/2025\/11\/14\/el-balonmano-servigroup-benidorm-inicia-en-sevilla-su-particular-maraton-de-noviembre\/"},"modified":"2025-11-14T13:18:40","modified_gmt":"2025-11-14T12:18:40","slug":"el-balonmano-servigroup-benidorm-inicia-en-sevilla-su-particular-maraton-de-noviembre","status":"publish","type":"post","link":"https:\/\/serbenidorm.daliisolutions.com\/index.php\/2025\/11\/14\/el-balonmano-servigroup-benidorm-inicia-en-sevilla-su-particular-maraton-de-noviembre\/","title":{"rendered":"El Balonmano Servigroup Benidorm inicia en Sevilla su particular marat\u00f3n de noviembre"},"content":{"rendered":" <p>El Balonmano Servigroup Benidorm visitar\u00e1 este s\u00e1bado (19:30 horas) el pabell\u00f3n de El Paraguas de Sevilla para disputar all\u00ed y ante el segundo clasificado de la Divisi\u00f3n de Honor Plata la d\u00e9cima jornada de liga arrancando con ella un aut\u00e9ntico marat\u00f3n de partidos que les obligar\u00e1, entre liga y Copa del Rey, a disputar hasta cinco encuentros en s\u00f3lo catorce d\u00edas.<\/p>  <p>Tras la derrota sufrida la pasada semana en casa ante el A Coru\u00f1a, el equipo de Marko Kirvokapic intentar\u00e1 dar un golpe de autoridad ante un Sevilla que tambi\u00e9n sufri\u00f3 un tropiezo en la \u00faltima jornada, en su caso como visitante, ante el Blendio Sinf\u00edn c\u00e1ntabro, lo que le ha hecho perder su condici\u00f3n de col\u00edder y se sit\u00faa, por lo tanto, en la segunda posici\u00f3n de la tabla.<\/p>  <p>Los benidormenses, eso s\u00ed, conf\u00edan en poder sumar los dos puntos que les igualar\u00edan en la tabla con el Sevilla a la espera de disputar, el pr\u00f3ximo mi\u00e9rcoles y en el Palau d\u2019Esports, su partido aplazado con el Agustinos, por el momento, intratable l\u00edder de la categor\u00eda.<\/p>  <p>Krivokapic y el resto del cuerpo t\u00e9cnico del Balonmano Servigroup Benidorm deber\u00e1n ahora encontrar el equilibrio entre la alt\u00edsima exigencia de los duelos que tienen por delante tanto en liga como en la Copa del Rey y el necesario descanso que se deber\u00e1 de tratar de dar a una plantilla que jugar\u00e1 un partido cada tres d\u00edas durante las dos pr\u00f3ximas semanas.<\/p> ","protected":false},"excerpt":{"rendered":"<p>Los de Marko Krivokpaic disputar\u00e1n hasta cinco partidos en s\u00f3lo catorce d\u00edas<\/p>\n","protected":false},"author":0,"featured_media":19923,"comment_status":"","ping_status":"open","sticky":false,"template":"","format":"standard","meta":{"_acf_changed":false,"footnotes":""},"categories":[16],"tags":[],"class_list":["post-19922","post","type-post","status-publish","format-standard","has-post-thumbnail","hentry","category-deportes"],"acf":{"ser_id":"CCFPUC3CAVBKBCCJLN5POMUZGI","ser_url":"https:\/\/cadenaser.com\/comunitat-valenciana\/2025\/11\/14\/el-balonmano-servigroup-benidorm-inicia-en-sevilla-su-particular-maraton-de-noviembre-radio-benidorm\/"},"_links":{"self":[{"href":"https:\/\/serbenidorm.daliisolutions.com\/index.php\/wp-json\/wp\/v2\/posts\/19922","targetHints":{"allow":["GET"]}}],"collection":[{"href":"https:\/\/serbenidorm.daliisolutions.com\/index.php\/wp-json\/wp\/v2\/posts"}],"about":[{"href":"https:\/\/serbenidorm.daliisolutions.com\/index.php\/wp-json\/wp\/v2\/types\/post"}],"replies":[{"embeddable":true,"href":"https:\/\/serbenidorm.daliisolutions.com\/index.php\/wp-json\/wp\/v2\/comments?post=19922"}],"version-history":[{"count":0,"href":"https:\/\/serbenidorm.daliisolutions.com\/index.php\/wp-json\/wp\/v2\/posts\/19922\/revisions"}],"wp:featuredmedia":[{"embeddable":true,"href":"https:\/\/serbenidorm.daliisolutions.com\/index.php\/wp-json\/wp\/v2\/media\/19923"}],"wp:attachment":[{"href":"https:\/\/serbenidorm.daliisolutions.com\/index.php\/wp-json\/wp\/v2\/media?parent=19922"}],"wp:term":[{"taxonomy":"category","embeddable":true,"href":"https:\/\/serbenidorm.daliisolutions.com\/index.php\/wp-json\/wp\/v2\/categories?post=19922"},{"taxonomy":"post_tag","embeddable":true,"href":"https:\/\/serbenidorm.daliisolutions.com\/index.php\/wp-json\/wp\/v2\/tags?post=19922"}],"curies":[{"name":"wp","href":"https:\/\/api.w.org\/{rel}","templated":true}]}}