{"id":19926,"date":"2025-11-14T15:21:42","date_gmt":"2025-11-14T14:21:42","guid":{"rendered":"https:\/\/serbenidorm.daliisolutions.com\/index.php\/2025\/11\/14\/marian-cano-confiesa-que-fue-la-dj-de-su-pena-y-que-aun-se-le-van-los-pies-cuando-suena-tina-turner\/"},"modified":"2025-11-14T15:21:42","modified_gmt":"2025-11-14T14:21:42","slug":"marian-cano-confiesa-que-fue-la-dj-de-su-pena-y-que-aun-se-le-van-los-pies-cuando-suena-tina-turner","status":"publish","type":"post","link":"https:\/\/serbenidorm.daliisolutions.com\/index.php\/2025\/11\/14\/marian-cano-confiesa-que-fue-la-dj-de-su-pena-y-que-aun-se-le-van-los-pies-cuando-suena-tina-turner\/","title":{"rendered":"Mari\u00e1n Cano confiesa que fue \u201cla DJ de su pe\u00f1a\u201d y que a\u00fan se le van los pies cuando suena Tina Turner"},"content":{"rendered":" <p>La consellera de Turisme, Mari\u00e1n Cano, ha estado en <a href=\"https:\/\/cadenaser.com\/comunitat-valenciana\/2025\/10\/31\/la-musica-de-tu-vida-susana-martinez-de-una-comunion-al-ritmo-de-los-pajaritos-a-la-emocion-del-festa-en-benidorm-radio-benidorm\/\" target=\"_blank\" rel=\"nofollow\" title=\"https:\/\/cadenaser.com\/comunitat-valenciana\/2025\/10\/31\/la-musica-de-tu-vida-susana-martinez-de-una-comunion-al-ritmo-de-los-pajaritos-a-la-emocion-del-festa-en-benidorm-radio-benidorm\/\">La M\u00fasica de tu Vida <\/a>de <a href=\"https:\/\/radiobenidorm.es\" target=\"_blank\" rel=\"nofollow\" title=\"https:\/\/radiobenidorm.es\">Hoy por Hoy Benidorm<\/a> para mostrar su versi\u00f3n m\u00e1s personal, muy distinta a la imagen institucional que acompa\u00f1a su cargo. <\/p>  <p>Mari\u00e1n ha dejado claro que la m\u00fasica ha sido siempre su gasolina emocional, especialmente los temas que la conectan con sus ra\u00edces y con los paisajes de la Comunitat Valenciana.<\/p>  <p>Uno de esos temas es El Para\u00edso, de Izal, un grupo que confiesa seguir desde hace a\u00f1os y cuya m\u00fasica la ha acompa\u00f1ado en cientos de kil\u00f3metros de carretera. Mari\u00e1n asegura que esta canci\u00f3n le da \u00abenerg\u00eda al mil por mil\u201d y que forma parte de su ritual para afrontar d\u00edas intensos. \u201cYo soy muy bailonga\u201d, admite recordando c\u00f3mo en las fiestas de su pueblo (La Nuc\u00eda) terminaba af\u00f3nica tras cantar a pleno pulm\u00f3n.<\/p>  <p>Un artista al que tiene especial cari\u00f1o es Bruce Springsteen porque no solo forma parte de su vida, sino tambi\u00e9n de la historia musical que comparte con su marido. Ambos son tan fans que incluso eligieron una canci\u00f3n del \u00abBoss\u00bb para su boda. \u201cFue uno de los temas clave. Hubo mucho rock y mucho baile\u201d, rememora. Cano ha recordado tambi\u00e9n sus viajes por carretera \u2014de Finlandia a Estados Unidos\u2014 y c\u00f3mo cantar al volante ha sido siempre \u00abuna forma de desconectar y cargarse de energ\u00eda\u00bb.<\/p>  <p>La vertiente m\u00e1s emocional de Mari\u00e1n Cano ha surgido al sonar Mi Verdad, de Man\u00e1 y Shakira, una canci\u00f3n que, cuenta, la une especialmente a su hijo peque\u00f1o. Era un tema que cantaban juntos \u201ca voz en grito\u201d cuando \u00e9l ten\u00eda cinco a\u00f1os, un recuerdo que todav\u00eda hoy est\u00e1 muy presente. \u00abA veces pienso, \u00bfD\u00f3nde est\u00e1 mi bebe? cuando veo que crecen tan r\u00e1pido\u00bb, confiesa nost\u00e1lgica. <\/p>  <p>Entre bromas sobre Spotify, listas mal organizadas y reguet\u00f3n inevitable gracias a sus hijos, Cano reconoce que ellos tambi\u00e9n han influido en su gusto musical.<\/p>  <p>Uno de los momentos m\u00e1s sorprendentes ha llegado con Tina Turner. La consellera, que se define como una mujer \u00abde car\u00e1cter fuerte\u00bb, asegura que siempre ha sentido una conexi\u00f3n especial con The Best. Aunque nunca pudo ver a Tina Turner a en directo, este \u00abtemazo\u00bb ha sido la banda sonora de su juventud y de incontables fiestas de su pueblo. Tanto es as\u00ed que ha desvelado que durante a\u00f1os fue la \u201cDJ improvisada\u201d de su pe\u00f1a: \u201cEntre los CDs que llevaba, este nunca faltaba\u201d.<\/p>  <p>Mari\u00e1n Cano ha mostrado su lado m\u00e1s personal: una mujer que baila sin pudor cuando suena una canci\u00f3n que le gusta, que canta en el coche, que echa de menos las fotos de sus hijos cuando eran peque\u00f1os y que no duda en subir el volumen \u201ca tope\u201d siempre que la m\u00fasica le toca el alma. <\/p> ","protected":false},"excerpt":{"rendered":"<p>La consellera de Turismo repasa los momentos m\u00e1s importantes de su vida a trav\u00e9s de la m\u00fasica, con an\u00e9cdotas, recuerdos y su faceta m\u00e1s bailonga<\/p>\n","protected":false},"author":0,"featured_media":19927,"comment_status":"","ping_status":"open","sticky":false,"template":"","format":"standard","meta":{"_acf_changed":false,"footnotes":""},"categories":[1],"tags":[],"class_list":["post-19926","post","type-post","status-publish","format-standard","has-post-thumbnail","hentry","category-sin-categoria"],"acf":{"ser_id":"Z74KBT2EEVCSVMOKNMVFTLWUAY","ser_url":"https:\/\/cadenaser.com\/comunitat-valenciana\/2025\/11\/14\/marian-cano-confiesa-que-fue-la-dj-de-su-pena-y-que-aun-se-le-van-los-pies-cuando-suena-tina-turner-radio-benidorm\/"},"_links":{"self":[{"href":"https:\/\/serbenidorm.daliisolutions.com\/index.php\/wp-json\/wp\/v2\/posts\/19926","targetHints":{"allow":["GET"]}}],"collection":[{"href":"https:\/\/serbenidorm.daliisolutions.com\/index.php\/wp-json\/wp\/v2\/posts"}],"about":[{"href":"https:\/\/serbenidorm.daliisolutions.com\/index.php\/wp-json\/wp\/v2\/types\/post"}],"replies":[{"embeddable":true,"href":"https:\/\/serbenidorm.daliisolutions.com\/index.php\/wp-json\/wp\/v2\/comments?post=19926"}],"version-history":[{"count":0,"href":"https:\/\/serbenidorm.daliisolutions.com\/index.php\/wp-json\/wp\/v2\/posts\/19926\/revisions"}],"wp:featuredmedia":[{"embeddable":true,"href":"https:\/\/serbenidorm.daliisolutions.com\/index.php\/wp-json\/wp\/v2\/media\/19927"}],"wp:attachment":[{"href":"https:\/\/serbenidorm.daliisolutions.com\/index.php\/wp-json\/wp\/v2\/media?parent=19926"}],"wp:term":[{"taxonomy":"category","embeddable":true,"href":"https:\/\/serbenidorm.daliisolutions.com\/index.php\/wp-json\/wp\/v2\/categories?post=19926"},{"taxonomy":"post_tag","embeddable":true,"href":"https:\/\/serbenidorm.daliisolutions.com\/index.php\/wp-json\/wp\/v2\/tags?post=19926"}],"curies":[{"name":"wp","href":"https:\/\/api.w.org\/{rel}","templated":true}]}}