{"id":19981,"date":"2025-11-17T13:06:01","date_gmt":"2025-11-17T12:06:01","guid":{"rendered":"https:\/\/serbenidorm.daliisolutions.com\/index.php\/2025\/11\/17\/plan-de-asfaltado-de-benidorm-estas-son-las-calles-que-se-van-a-arreglar-hasta-fin-de-ano\/"},"modified":"2025-11-17T13:06:01","modified_gmt":"2025-11-17T12:06:01","slug":"plan-de-asfaltado-de-benidorm-estas-son-las-calles-que-se-van-a-arreglar-hasta-fin-de-ano","status":"publish","type":"post","link":"https:\/\/serbenidorm.daliisolutions.com\/index.php\/2025\/11\/17\/plan-de-asfaltado-de-benidorm-estas-son-las-calles-que-se-van-a-arreglar-hasta-fin-de-ano\/","title":{"rendered":"Plan de Asfaltado de Benidorm: estas son las calles que se van a arreglar hasta fin de a\u00f1o"},"content":{"rendered":" <p>El Ayuntamiento de Benidorm va a invertir 600.000 euros en el Plan de Asfaltado 2025 que, seg\u00fan ha informado el concejal de Movilidad Francis Mu\u00f1oz, se acometer\u00e1 de inmediato y cuyo plazo de ejecuci\u00f3n es de un mes. <\/p>  <p>Los trabajos afectar\u00e1n a v\u00edas y calzadas del t\u00e9rmino municipal que se encuentran en mal estado, con rotura del firme o con un deterioro que hace inc\u00f3moda e insegura la circulaci\u00f3n del tr\u00e1fico rodado.<\/p>  <p>Seg\u00fan figura en el proyecto redactado por los t\u00e9cnicos municipales el plan se centrar\u00e1 en los siguientes viales: <a href=\"https:\/\/cadenaser.com\/tag\/benidorm\/a\/\" target=\"_blank\" rel=\"nofollow\" title=\"https:\/\/cadenaser.com\/tag\/benidorm\/a\/\">avenida de l\u2019Aig\u00fcera, calles Juan Llorca, Londres, Paraguay, La Cala, Vigo y el ramal de la CV70 cercano a la rotonda de la Cruz Roja<\/a>. <\/p>  <p>Mu\u00f1oz, ha indicado al respecto que el consistorio \u201cviene acometiendo labores de mantenimiento de la pavimentaci\u00f3n de las calles y v\u00edas p\u00fablicas que se encuentran en mal estado y la ejecuci\u00f3n de este plan es la continuaci\u00f3n de otros planes de asfaltado que ya se han acometido\u201d.<\/p>  <p>El edil ha avanzado que en pocos d\u00edas se proceder\u00e1 a la licitaci\u00f3n y adjudicaci\u00f3n de la intervenci\u00f3n, con el objetivo de que los trabajos est\u00e9n finalizados antes de terminar el presente a\u00f1o.<\/p>  <p>Para acometer la pavimentaci\u00f3n de las calles el proyecto contempla dos soluciones. Por un lado, se realizar\u00e1 un tratamiento integral para aquellos casos en los que la calle o alg\u00fan tramo de la misma presente una superficie deteriorada superior al 50%. Por otra parte, se har\u00e1 un tratamiento puntual en baches y zonas deterioradas cuando el estado de la calzada no aconseje un tratamiento integral. <\/p>  <p>Francis Mu\u00f1oz ha pedido \u201cdisculpas\u201d a los vecinos y conductores que se puedan ver afectados por las molestias derivadas de la ejecuci\u00f3n de estos trabajos, \u201cpero han de tener en cuenta que lo hacemos para mejorar la seguridad del tr\u00e1fico rodado y para evitar da\u00f1os y accidentes\u201d. <\/p> ","protected":false},"excerpt":{"rendered":"<p>Las obras suponen una inversi\u00f3n de 600.000 euros<\/p>\n","protected":false},"author":0,"featured_media":19982,"comment_status":"","ping_status":"open","sticky":false,"template":"","format":"standard","meta":{"_acf_changed":false,"footnotes":""},"categories":[1],"tags":[],"class_list":["post-19981","post","type-post","status-publish","format-standard","has-post-thumbnail","hentry","category-sin-categoria"],"acf":{"ser_id":"C2VPH4GCUNE6LF3IYZMKYZD5QQ","ser_url":"https:\/\/cadenaser.com\/comunitat-valenciana\/2025\/11\/17\/plan-de-asfaltado-de-benidorm-estas-son-las-calles-que-se-van-a-arreglar-hasta-fin-de-ano-radio-benidorm\/"},"_links":{"self":[{"href":"https:\/\/serbenidorm.daliisolutions.com\/index.php\/wp-json\/wp\/v2\/posts\/19981","targetHints":{"allow":["GET"]}}],"collection":[{"href":"https:\/\/serbenidorm.daliisolutions.com\/index.php\/wp-json\/wp\/v2\/posts"}],"about":[{"href":"https:\/\/serbenidorm.daliisolutions.com\/index.php\/wp-json\/wp\/v2\/types\/post"}],"replies":[{"embeddable":true,"href":"https:\/\/serbenidorm.daliisolutions.com\/index.php\/wp-json\/wp\/v2\/comments?post=19981"}],"version-history":[{"count":0,"href":"https:\/\/serbenidorm.daliisolutions.com\/index.php\/wp-json\/wp\/v2\/posts\/19981\/revisions"}],"wp:featuredmedia":[{"embeddable":true,"href":"https:\/\/serbenidorm.daliisolutions.com\/index.php\/wp-json\/wp\/v2\/media\/19982"}],"wp:attachment":[{"href":"https:\/\/serbenidorm.daliisolutions.com\/index.php\/wp-json\/wp\/v2\/media?parent=19981"}],"wp:term":[{"taxonomy":"category","embeddable":true,"href":"https:\/\/serbenidorm.daliisolutions.com\/index.php\/wp-json\/wp\/v2\/categories?post=19981"},{"taxonomy":"post_tag","embeddable":true,"href":"https:\/\/serbenidorm.daliisolutions.com\/index.php\/wp-json\/wp\/v2\/tags?post=19981"}],"curies":[{"name":"wp","href":"https:\/\/api.w.org\/{rel}","templated":true}]}}