{"id":19983,"date":"2025-11-17T13:25:58","date_gmt":"2025-11-17T12:25:58","guid":{"rendered":"https:\/\/serbenidorm.daliisolutions.com\/index.php\/2025\/11\/17\/la-siniestralidad-vial-no-desciende-34-fallecidos-de-enero-a-octubre-en-las-vias-interurbanas-de-la-provincia-de-alicante\/"},"modified":"2025-11-17T13:25:58","modified_gmt":"2025-11-17T12:25:58","slug":"la-siniestralidad-vial-no-desciende-34-fallecidos-de-enero-a-octubre-en-las-vias-interurbanas-de-la-provincia-de-alicante","status":"publish","type":"post","link":"https:\/\/serbenidorm.daliisolutions.com\/index.php\/2025\/11\/17\/la-siniestralidad-vial-no-desciende-34-fallecidos-de-enero-a-octubre-en-las-vias-interurbanas-de-la-provincia-de-alicante\/","title":{"rendered":"La siniestralidad vial no desciende: 34 fallecidos de enero a octubre en las v\u00edas interurbanas de la provincia de Alicante"},"content":{"rendered":" <p>La cifra de accidentes de tr\u00e1fico en la provincia de Alicante continua dejando datos preocupantes, un a\u00f1o m\u00e1s, sin que se logre reducir la siniestralidad en las carreteras. <\/p>  <p>Como cada tercer domingo de noviembre, se conmemora el D\u00eda Mundial en recuerdo de las v\u00edctimas de tr\u00e1fico, en homenaje a los fallecidos de siniestros viales y sus familias. <\/p>  <p>Seg\u00fan datos de la Direcci\u00f3n General de Tr\u00e1fico, de enero a octubre de 2025 han fallecido 34 personas en las carreteras interurbanas de la provincia, por los 36 del mismo periodo del a\u00f1o pasado. <\/p>  <p>Adem\u00e1s, en este mes de noviembre ya se contabilizan otras tres v\u00edctimas mortales. Una mujer de 42 a\u00f1os en la N-332 en Orihuela y un hombre que choc\u00f3 contra un \u00e1rbol en el camino La Devesa de Ibi. Y esta misma semana, un hombre de 22 a\u00f1os falleci\u00f3 despu\u00e9s de que una palmera impactara sobre el veh\u00edculo que conduc\u00eda en la CV-905 en Torrevieja. <\/p>  <p>Se han producido 1.186 accidentes con v\u00edctimas, tan solo 10 menos que en 2024 (1.196). Adem\u00e1s, 164 personas han requerido hospitalizaci\u00f3n por m\u00e1s de 24 horas (135 en 2024) y 1.492 fueron hospitalizadas menos de 24 horas (1653 en 2024). <\/p>  <p>El tipo de accidente m\u00e1s com\u00fan es la salida de v\u00eda, con 396 accidentes, seguida de la colisi\u00f3n trasera y m\u00faltiple con 313. La colisi\u00f3n lateral registra 276 accidentes y 142 son por \u00abotro tipo\u00bb. 47 por colisi\u00f3n frontal, 20 por vuelco y 19 por atropello a peat\u00f3n. <\/p>  <p>De los 1.186 accidentes de estos diez primeros meses del a\u00f1o, en 347 se han visto implicados turismos, en 262 veh\u00edculos de dos ruedas (145 motocicletas, 52 bicicletas, 36 ciclomotores y 29 veh\u00edculos de movilidad personal), en 85 otros veh\u00edculos como camiones de transporte de mercanc\u00edas o autobuses, en 51 peatones y en 46 furgonetas. <\/p>  <p>La franja horaria entre las 07:00 y las 13:59 ha registrado 516 accidentes, la franja entre las 14:00 y las 19:59 ha contabilizado 417: Por otro lado, en la franja entre las 20:00 y las 23:59 se han producido 150 accidentes y en la franja entre las 00:00 y las 06:59 la DGT registra 103 siniestros. <\/p>  <p>En cuanto a los meses, mayo ha sido el mes con m\u00e1s accidentes de tr\u00e1fico con v\u00edctimas con 151, seguido de julio con 127 y de octubre con 126. <\/p>  <p>Desde STOP Accidentes, Asociaci\u00f3n de V\u00edctimas de Ayuda y Orientaci\u00f3n a los afectados por accidentes de tr\u00e1fico, exigen <a href=\"https:\/\/cadenaser.com\/comunitat-valenciana\/2025\/11\/16\/stop-accidentes-reclama-medidas-mas-duras-contra-el-alcohol-y-las-drogas-al-volante-radio-valencia\/\" target=\"_blank\" rel=\"nofollow\" title=\"https:\/\/cadenaser.com\/comunitat-valenciana\/2025\/11\/16\/stop-accidentes-reclama-medidas-mas-duras-contra-el-alcohol-y-las-drogas-al-volante-radio-valencia\/\">medidas m\u00e1s contundentes contra el alcohol y las drogas al volante.<\/a><\/p>  <p>Ana Novella, presidenta de Stop Accidentes en la Comunitat Valenciana, afirma que hay que avanzar hacia el alcohol cero al volante y cree que la ley deber\u00eda cambiar para no permitir nada de sustancias t\u00f3xicas mientras se conduce. <\/p>  <p>Tambi\u00e9n alerta sobre el incremento de grupos de Whatsapp y de aplicaciones que avisan sobre los controles de tr\u00e1fico al resto de conductores y denuncia que esto deber\u00eda ser ilegal y estar penado de forma m\u00e1s contundente. Asegura que esto no ayuda nada a prevenir accidentes de tr\u00e1fico. <\/p>  <p>Novella explica que las reivindicaciones en la materia siguen siendo much\u00edsimas ya que faltan tribunales especializados en tr\u00e1fico y un pacto de estado que garantice la continuidad de estas pol\u00edticas. Novella tambi\u00e9n cree fundamental el endurecimiento del c\u00f3digo penal y que los homicidios al volante tengan una condena mayor.<\/p> ","protected":false},"excerpt":{"rendered":"<p>Son tan solo dos muertos menos que en el mismo periodo del a\u00f1o pasado <\/p>\n","protected":false},"author":0,"featured_media":19984,"comment_status":"","ping_status":"open","sticky":false,"template":"","format":"standard","meta":{"_acf_changed":false,"footnotes":""},"categories":[1],"tags":[],"class_list":["post-19983","post","type-post","status-publish","format-standard","has-post-thumbnail","hentry","category-sin-categoria"],"acf":{"ser_id":"FAP7GGPX4BBYLG7VF3OB3ILKWM","ser_url":"https:\/\/cadenaser.com\/comunitat-valenciana\/2025\/11\/16\/la-siniestralidad-vial-no-desciende-34-fallecidos-de-enero-a-octubre-en-las-vias-interurbanas-de-la-provincia-de-alicante-radio-alicante\/"},"_links":{"self":[{"href":"https:\/\/serbenidorm.daliisolutions.com\/index.php\/wp-json\/wp\/v2\/posts\/19983","targetHints":{"allow":["GET"]}}],"collection":[{"href":"https:\/\/serbenidorm.daliisolutions.com\/index.php\/wp-json\/wp\/v2\/posts"}],"about":[{"href":"https:\/\/serbenidorm.daliisolutions.com\/index.php\/wp-json\/wp\/v2\/types\/post"}],"replies":[{"embeddable":true,"href":"https:\/\/serbenidorm.daliisolutions.com\/index.php\/wp-json\/wp\/v2\/comments?post=19983"}],"version-history":[{"count":0,"href":"https:\/\/serbenidorm.daliisolutions.com\/index.php\/wp-json\/wp\/v2\/posts\/19983\/revisions"}],"wp:featuredmedia":[{"embeddable":true,"href":"https:\/\/serbenidorm.daliisolutions.com\/index.php\/wp-json\/wp\/v2\/media\/19984"}],"wp:attachment":[{"href":"https:\/\/serbenidorm.daliisolutions.com\/index.php\/wp-json\/wp\/v2\/media?parent=19983"}],"wp:term":[{"taxonomy":"category","embeddable":true,"href":"https:\/\/serbenidorm.daliisolutions.com\/index.php\/wp-json\/wp\/v2\/categories?post=19983"},{"taxonomy":"post_tag","embeddable":true,"href":"https:\/\/serbenidorm.daliisolutions.com\/index.php\/wp-json\/wp\/v2\/tags?post=19983"}],"curies":[{"name":"wp","href":"https:\/\/api.w.org\/{rel}","templated":true}]}}