{"id":19998,"date":"2025-11-18T07:17:06","date_gmt":"2025-11-18T06:17:06","guid":{"rendered":"https:\/\/serbenidorm.daliisolutions.com\/index.php\/2025\/11\/18\/radio-benidorm-convoca-un-concurso-escolar-de-cuentos-de-navidad\/"},"modified":"2025-11-18T07:17:06","modified_gmt":"2025-11-18T06:17:06","slug":"radio-benidorm-convoca-un-concurso-escolar-de-cuentos-de-navidad","status":"publish","type":"post","link":"https:\/\/serbenidorm.daliisolutions.com\/index.php\/2025\/11\/18\/radio-benidorm-convoca-un-concurso-escolar-de-cuentos-de-navidad\/","title":{"rendered":"Radio Benidorm convoca un Concurso Escolar de Cuentos de Navidad"},"content":{"rendered":" <p>Este a\u00f1o los ni\u00f1os ser\u00e1n los encargados de escribir <a href=\"https:\/\/cadenaser.com\/tag\/benidorm\/a\/\" target=\"_blank\" rel=\"nofollow\" title=\"https:\/\/cadenaser.com\/tag\/benidorm\/a\/\">el Cuento de Navidad de Radio Benidorm<\/a>. La Cadena SER, en colaboraci\u00f3n con el Ayuntamiento de Benidorm, ha puesto en marcha la primera edici\u00f3n del Concurso Escolar de Cuentos de Navidad, una iniciativa destinada a fomentar la creatividad literaria y el esp\u00edritu navide\u00f1o entre los alumnos de 5\u00ba y 6\u00ba de Educaci\u00f3n Primaria de los colegios de la ciudad.<\/p>  <p>El certamen busca incentivar la lectura, la escritura y la expresi\u00f3n oral entre los m\u00e1s j\u00f3venes a trav\u00e9s de la creaci\u00f3n de relatos originales con tem\u00e1tica navide\u00f1a. Los cuentos deber\u00e1n tener una extensi\u00f3n aproximada de dos a tres p\u00e1ginas y ser\u00e1n valorados por su originalidad, mensaje y calidad literaria.<\/p>  <p>Cada centro educativo seleccionar\u00e1 los tres mejores relatos de su alumnado para representarlo en la fase final. El jurado, integrado por representantes del \u00e1mbito escolar, teatral, del consistorio y de Radio Benidorm, elegir\u00e1 los tres cuentos ganadores, cuyo fallo se dar\u00e1 a conocer durante las fiestas navide\u00f1as a trav\u00e9s de la emisora.<\/p>  <p><a href=\"https:\/\/cadenaser.com\/tag\/benidorm\/a\/\" target=\"_blank\" rel=\"nofollow\" title=\"https:\/\/cadenaser.com\/tag\/benidorm\/a\/\">Los autores premiados recibir\u00e1n vales de compra para material escolar, libros o juguetes en comercios locales y su cuento ser\u00e1 grabado y emitido en la radio<\/a>. La organizaci\u00f3n recuerda que los relatos deben ser originales e in\u00e9ditos, y que la participaci\u00f3n implica la aceptaci\u00f3n de las bases del concurso.<\/p> ","protected":false},"excerpt":{"rendered":"<p>Los alumnos de quinto y sexto de Primaria de la ciudad pueden participar a trav\u00e9s de sus colegios<\/p>\n","protected":false},"author":0,"featured_media":19999,"comment_status":"","ping_status":"open","sticky":false,"template":"","format":"standard","meta":{"_acf_changed":false,"footnotes":""},"categories":[1],"tags":[],"class_list":["post-19998","post","type-post","status-publish","format-standard","has-post-thumbnail","hentry","category-sin-categoria"],"acf":{"ser_id":"OLJYR2TKQZCWFOBTPGVVK3LH74","ser_url":"https:\/\/cadenaser.com\/comunitat-valenciana\/2025\/11\/17\/radio-benidorm-convoca-un-concurso-escolar-de-cuentos-de-navidad-radio-benidorm\/"},"_links":{"self":[{"href":"https:\/\/serbenidorm.daliisolutions.com\/index.php\/wp-json\/wp\/v2\/posts\/19998","targetHints":{"allow":["GET"]}}],"collection":[{"href":"https:\/\/serbenidorm.daliisolutions.com\/index.php\/wp-json\/wp\/v2\/posts"}],"about":[{"href":"https:\/\/serbenidorm.daliisolutions.com\/index.php\/wp-json\/wp\/v2\/types\/post"}],"replies":[{"embeddable":true,"href":"https:\/\/serbenidorm.daliisolutions.com\/index.php\/wp-json\/wp\/v2\/comments?post=19998"}],"version-history":[{"count":0,"href":"https:\/\/serbenidorm.daliisolutions.com\/index.php\/wp-json\/wp\/v2\/posts\/19998\/revisions"}],"wp:featuredmedia":[{"embeddable":true,"href":"https:\/\/serbenidorm.daliisolutions.com\/index.php\/wp-json\/wp\/v2\/media\/19999"}],"wp:attachment":[{"href":"https:\/\/serbenidorm.daliisolutions.com\/index.php\/wp-json\/wp\/v2\/media?parent=19998"}],"wp:term":[{"taxonomy":"category","embeddable":true,"href":"https:\/\/serbenidorm.daliisolutions.com\/index.php\/wp-json\/wp\/v2\/categories?post=19998"},{"taxonomy":"post_tag","embeddable":true,"href":"https:\/\/serbenidorm.daliisolutions.com\/index.php\/wp-json\/wp\/v2\/tags?post=19998"}],"curies":[{"name":"wp","href":"https:\/\/api.w.org\/{rel}","templated":true}]}}