{"id":20007,"date":"2025-11-18T10:38:52","date_gmt":"2025-11-18T09:38:52","guid":{"rendered":"https:\/\/serbenidorm.daliisolutions.com\/index.php\/2025\/11\/18\/jose-carlos-amoros-comisario-jefe-de-la-policia-local-benidorm-es-una-ciudad-segura-y-podemos-demostrarlo\/"},"modified":"2025-11-18T10:38:52","modified_gmt":"2025-11-18T09:38:52","slug":"jose-carlos-amoros-comisario-jefe-de-la-policia-local-benidorm-es-una-ciudad-segura-y-podemos-demostrarlo","status":"publish","type":"post","link":"https:\/\/serbenidorm.daliisolutions.com\/index.php\/2025\/11\/18\/jose-carlos-amoros-comisario-jefe-de-la-policia-local-benidorm-es-una-ciudad-segura-y-podemos-demostrarlo\/","title":{"rendered":"Jos\u00e9 Carlos Amor\u00f3s, Comisario Jefe de la Polic\u00eda Local: \u201cBenidorm es una ciudad segura y podemos demostrarlo\u201d"},"content":{"rendered":" <p>Jos\u00e9 Carlos Amor\u00f3s visitaba este s\u00e1bado los estudios de Radio Benidorm-SER para, a trav\u00e9s de los micr\u00f3fonos de \u2018A Vivir Benidorm\u2019, presentarse en sociedad como Comisario Jefe de la Polic\u00eda Local de la ciudad. Nuevo en el cargo, pero no en el cuerpo, donde acumula ya casi cuatro d\u00e9cadas de servicio a sus espaldas, Amor\u00f3s afronta esta etapa con ilusi\u00f3n, responsabilidad y un profundo conocimiento de la ciudad a la que ha dedicado toda su carrera profesional.<\/p>  <p>Durante la conversaci\u00f3n repasamos sus primeras semanas en el cargo, marcadas \u2014seg\u00fan reconoce\u2014 por una excelente acogida tanto por parte de la plantilla como del resto de instituciones. Tambi\u00e9n hablamos de la estrecha coordinaci\u00f3n que mantiene con el Comisario de la Polic\u00eda Nacional, algo que considera fundamental para sostener los altos niveles de seguridad de la ciudad.<\/p>  <p>Amor\u00f3s recuerda sus inicios en 1987, cuando opositar implicaba pasar tardes en la biblioteca sin internet ni academias, y comparte c\u00f3mo ha evolucionado tanto el trabajo policial como las amenazas a las que se enfrentan los cuerpos de seguridad. Desde los antiguos robos de radiocasetes hasta la actual ciberdelincuencia o las estafas puerta a puerta, el Comisario detalla c\u00f3mo ha cambiado el d\u00eda a d\u00eda del patrullaje y la prevenci\u00f3n.<\/p>  <p>Benidorm, explica, es una ciudad que rara vez descansa. La desestacionalizaci\u00f3n del turismo y la llegada de grandes eventos \u2014como el Benidorm Fest o la Copa del Mundo de ciclocross\u2014 mantiene a la Polic\u00eda Local en plena actividad durante los doce meses del a\u00f1o. Aun as\u00ed, Amor\u00f3s afirma con rotundidad que Benidorm es una ciudad segura, con datos que lo avalan, aunque esos mismos datos \u201cenga\u00f1en\u201d por estar referidos a un censo que no refleja la realidad de una ciudad que en temporada alta puede triplicar su poblaci\u00f3n.<\/p>  <p>La presencia policial en las calles, la colaboraci\u00f3n con otros cuerpos y la planificaci\u00f3n preventiva son \u2014dice\u2014 pilares de ese modelo de seguridad que tambi\u00e9n consiste, en una ciudad tur\u00edstica, en \u201cser y parecer\u201d un destino fiable para los millones de visitantes que recibe cada a\u00f1o.<\/p>  <p>Sobre su nueva etapa m\u00e1s ligada a la gesti\u00f3n, Amor\u00f3s reconoce que echa de menos la calle tras 38 a\u00f1os de servicio en primera l\u00ednea, pero asegura que seguir\u00e1 saliendo siempre que pueda porque ese contacto humano forma parte de la esencia de su profesi\u00f3n.<\/p>  <p>De cara al futuro, imagina una Polic\u00eda Local tecnol\u00f3gicamente avanzada \u2014con herramientas como la Inteligencia Artificial o la evoluci\u00f3n del trabajo con drones\u2014 pero sin renunciar jam\u00e1s a su rasgo esencial: la cercan\u00eda con el ciudadano. Esa, afirma, es la se\u00f1a de identidad que una polic\u00eda municipal no debe perder nunca.<\/p>  <p>Un di\u00e1logo cercano y revelador con quien lidera a uno de los cuerpos m\u00e1s visibles y valorados de la ciudad.<\/p> ","protected":false},"excerpt":{"rendered":"<p>El m\u00e1ximo responsable del cuerpo repasa en \u2018A Vivir Benidorm\u2019 sus cuatro d\u00e9cadas de servicio en la ciudad<\/p>\n","protected":false},"author":0,"featured_media":20008,"comment_status":"","ping_status":"open","sticky":false,"template":"","format":"standard","meta":{"_acf_changed":false,"footnotes":""},"categories":[1],"tags":[],"class_list":["post-20007","post","type-post","status-publish","format-standard","has-post-thumbnail","hentry","category-sin-categoria"],"acf":{"ser_id":"JH7H4EF7RJGYTJWGZVVM3PVMCI","ser_url":"https:\/\/cadenaser.com\/comunitat-valenciana\/2025\/11\/18\/jose-carlos-amoros-comisario-jefe-de-la-policia-local-benidorm-es-una-ciudad-segura-y-podemos-demostrarlo-radio-benidorm\/"},"_links":{"self":[{"href":"https:\/\/serbenidorm.daliisolutions.com\/index.php\/wp-json\/wp\/v2\/posts\/20007","targetHints":{"allow":["GET"]}}],"collection":[{"href":"https:\/\/serbenidorm.daliisolutions.com\/index.php\/wp-json\/wp\/v2\/posts"}],"about":[{"href":"https:\/\/serbenidorm.daliisolutions.com\/index.php\/wp-json\/wp\/v2\/types\/post"}],"replies":[{"embeddable":true,"href":"https:\/\/serbenidorm.daliisolutions.com\/index.php\/wp-json\/wp\/v2\/comments?post=20007"}],"version-history":[{"count":0,"href":"https:\/\/serbenidorm.daliisolutions.com\/index.php\/wp-json\/wp\/v2\/posts\/20007\/revisions"}],"wp:featuredmedia":[{"embeddable":true,"href":"https:\/\/serbenidorm.daliisolutions.com\/index.php\/wp-json\/wp\/v2\/media\/20008"}],"wp:attachment":[{"href":"https:\/\/serbenidorm.daliisolutions.com\/index.php\/wp-json\/wp\/v2\/media?parent=20007"}],"wp:term":[{"taxonomy":"category","embeddable":true,"href":"https:\/\/serbenidorm.daliisolutions.com\/index.php\/wp-json\/wp\/v2\/categories?post=20007"},{"taxonomy":"post_tag","embeddable":true,"href":"https:\/\/serbenidorm.daliisolutions.com\/index.php\/wp-json\/wp\/v2\/tags?post=20007"}],"curies":[{"name":"wp","href":"https:\/\/api.w.org\/{rel}","templated":true}]}}