{"id":20009,"date":"2025-11-18T10:38:52","date_gmt":"2025-11-18T09:38:52","guid":{"rendered":"https:\/\/serbenidorm.daliisolutions.com\/index.php\/2025\/11\/18\/la-benidorm-half-bate-su-record-y-alcanza-los-9-000-participantes\/"},"modified":"2025-11-18T10:38:52","modified_gmt":"2025-11-18T09:38:52","slug":"la-benidorm-half-bate-su-record-y-alcanza-los-9-000-participantes","status":"publish","type":"post","link":"https:\/\/serbenidorm.daliisolutions.com\/index.php\/2025\/11\/18\/la-benidorm-half-bate-su-record-y-alcanza-los-9-000-participantes\/","title":{"rendered":"La Benidorm Half bate su r\u00e9cord y alcanza los 9.000 participantes"},"content":{"rendered":" <p>La Benidorm Half 2025 ya tiene asegurado un nuevo hito hist\u00f3rico. M\u00e1s de 9.000 corredores tomar\u00e1n la salida el pr\u00f3ximo s\u00e1bado en las distancias de Media Marat\u00f3n y 10K, lo que supone un crecimiento de m\u00e1s de 2.500 inscritos respecto a la edici\u00f3n de 2024, que ya hab\u00eda batido todos los registros previos. Con estas cifras, la prueba se consolida como la m\u00e1s multitudinaria de cuantas se celebran en la provincia de Alicante.<\/p>  <p>Este incremento de participaci\u00f3n adquiere a\u00fan mayor relevancia al analizar el impacto tur\u00edstico del evento. Del total de inscritos, 2.000 proceden de la provincia de Alicante, mientras que 7.000 llegar\u00e1n desde otros puntos de Espa\u00f1a y de diferentes pa\u00edses europeos, confirmando la enorme capacidad de Benidorm para atraer turismo deportivo. En conjunto, el 48,7% de los corredores son espa\u00f1oles, frente al 51,3% de origen extranjero, lo que evidencia la dimensi\u00f3n internacional de la prueba.<\/p>  <p>El director de la Benidorm Half y CEO de Tour-Sport Promociones Deportivas, Fernando Brotons, se mostr\u00f3 \u201cenormemente satisfecho\u201d por la evoluci\u00f3n de la carrera. \u201cEl crecimiento sostenido de cada edici\u00f3n es fruto del trabajo puesto al servicio del corredor, que se lleva siempre una gran experiencia. Esa es la clave que explica el \u00e9xito\u201d, afirm\u00f3.<\/p>  <p>La vertiente tur\u00edstica del evento est\u00e1 avalada por los datos del estudio de impacto econ\u00f3mico elaborado por la Facultad de Ciencias de la Actividad F\u00edsica y el Deporte de la Universidad de Valencia sobre la edici\u00f3n de 2024. Seg\u00fan este informe, la media de acompa\u00f1antes por corredor fue de 2,6. Tomando como referencia los 7.000 deportistas que llegar\u00e1n desde fuera de la provincia, la cifra de acompa\u00f1antes estimada en 2025 asciende a 18.200. En total, Benidorm recibir\u00e1 cerca de 25.200 visitantes atra\u00eddos directamente por la carrera.<\/p>  <p>Brotons destaca que estos datos demuestran que se ha cumplido uno de los objetivos estrat\u00e9gicos de la organizaci\u00f3n: \u201cCuando se nos encarg\u00f3 la prueba ten\u00edamos claro que quer\u00edamos generar un retorno tur\u00edstico para Benidorm a trav\u00e9s del running. Los n\u00fameros hablan por s\u00ed solos: el pilar tur\u00edstico est\u00e1 m\u00e1s que conseguido\u201d.<\/p>  <p>La distribuci\u00f3n por distancias tambi\u00e9n refleja la diversidad del evento. El 49,2% de los participantes correr\u00e1 la Media Marat\u00f3n, mientras que el 50,8% lo har\u00e1 en los 10 kil\u00f3metros.<\/p>  <p>En cuanto a la participaci\u00f3n por sexos, el total se reparte en un 58,7% de hombres y un 41,3% de mujeres, con diferencias significativas seg\u00fan la distancia. En la prueba de 10K, la proporci\u00f3n ser\u00e1 pr\u00e1cticamente paritaria: 50,3% de hombres y 49,7% de mujeres. En la Media Marat\u00f3n, en cambio, la participaci\u00f3n femenina baja hasta el 32,2%, frente al 67,8% masculino.<\/p>  <p>La Benidorm Half mantiene adem\u00e1s un alto est\u00e1ndar organizativo. Tanto la 21K (21.097 metros) como la 10K (10.000 metros) cuentan con circuito homologado y forman parte del calendario nacional de la Real Federaci\u00f3n Espa\u00f1ola de Atletismo (RFEA). La salida estar\u00e1 situada en la Avenida Comunidad Valenciana, a la altura de la calle B\u00e9lgica, mientras que la meta volver\u00e1 a ubicarse en la Plaza de SS.MM. Los Reyes de Espa\u00f1a, junto al Ayuntamiento.<\/p>  <p>Como en las dos \u00faltimas ediciones, la prueba combinar\u00e1 el atractivo para el corredor popular con la presencia de atletas de \u00e9lite, consolidando un modelo que ha situado a Benidorm entre las referencias del calendario nacional de carreras urbanas.<\/p>  <p>Con m\u00e1s de 9.000 dorsales, un impacto tur\u00edstico superior a los 25.000 visitantes y un circuito que recorre algunos de los enclaves m\u00e1s emblem\u00e1ticos de la ciudad, la Benidorm Half 2025 confirma su evoluci\u00f3n imparable y refuerza el papel de Benidorm como capital del turismo deportivo en la Comunitat Valenciana.<\/p> ","protected":false},"excerpt":{"rendered":"<p>La prueba del pr\u00f3ximo s\u00e1bado crece en 2.500 atletas respecto a 2024 y ser\u00e1 la m\u00e1s multitudinaria de la provincia<\/p>\n","protected":false},"author":0,"featured_media":20010,"comment_status":"","ping_status":"open","sticky":false,"template":"","format":"standard","meta":{"_acf_changed":false,"footnotes":""},"categories":[16],"tags":[],"class_list":["post-20009","post","type-post","status-publish","format-standard","has-post-thumbnail","hentry","category-deportes"],"acf":{"ser_id":"MEAVKGO3ZNDV7NMPZAY2IPENSI","ser_url":"https:\/\/cadenaser.com\/comunitat-valenciana\/2025\/11\/18\/la-benidorm-half-bate-su-record-y-alcanza-los-9000-participantes-radio-benidorm\/"},"_links":{"self":[{"href":"https:\/\/serbenidorm.daliisolutions.com\/index.php\/wp-json\/wp\/v2\/posts\/20009","targetHints":{"allow":["GET"]}}],"collection":[{"href":"https:\/\/serbenidorm.daliisolutions.com\/index.php\/wp-json\/wp\/v2\/posts"}],"about":[{"href":"https:\/\/serbenidorm.daliisolutions.com\/index.php\/wp-json\/wp\/v2\/types\/post"}],"replies":[{"embeddable":true,"href":"https:\/\/serbenidorm.daliisolutions.com\/index.php\/wp-json\/wp\/v2\/comments?post=20009"}],"version-history":[{"count":0,"href":"https:\/\/serbenidorm.daliisolutions.com\/index.php\/wp-json\/wp\/v2\/posts\/20009\/revisions"}],"wp:featuredmedia":[{"embeddable":true,"href":"https:\/\/serbenidorm.daliisolutions.com\/index.php\/wp-json\/wp\/v2\/media\/20010"}],"wp:attachment":[{"href":"https:\/\/serbenidorm.daliisolutions.com\/index.php\/wp-json\/wp\/v2\/media?parent=20009"}],"wp:term":[{"taxonomy":"category","embeddable":true,"href":"https:\/\/serbenidorm.daliisolutions.com\/index.php\/wp-json\/wp\/v2\/categories?post=20009"},{"taxonomy":"post_tag","embeddable":true,"href":"https:\/\/serbenidorm.daliisolutions.com\/index.php\/wp-json\/wp\/v2\/tags?post=20009"}],"curies":[{"name":"wp","href":"https:\/\/api.w.org\/{rel}","templated":true}]}}