{"id":20016,"date":"2025-11-18T13:14:13","date_gmt":"2025-11-18T12:14:13","guid":{"rendered":"https:\/\/serbenidorm.daliisolutions.com\/index.php\/2025\/11\/18\/juanfran-perez-llorca-presenta-este-miercoles-su-candidatura-a-presidir-la-generalitat-valenciana\/"},"modified":"2025-11-18T13:14:13","modified_gmt":"2025-11-18T12:14:13","slug":"juanfran-perez-llorca-presenta-este-miercoles-su-candidatura-a-presidir-la-generalitat-valenciana","status":"publish","type":"post","link":"https:\/\/serbenidorm.daliisolutions.com\/index.php\/2025\/11\/18\/juanfran-perez-llorca-presenta-este-miercoles-su-candidatura-a-presidir-la-generalitat-valenciana\/","title":{"rendered":"Juanfran P\u00e9rez Llorca presenta este mi\u00e9rcoles su candidatura a presidir la Generalitat Valenciana"},"content":{"rendered":" <p>Juanfran P\u00e9rez Llorca presenta este mi\u00e9rcoles su candidatura a presidir la Generalitat, en el \u00faltimo d\u00eda de plazo, que se cumple este 19 de noviembre. Tambi\u00e9n mantendr\u00e1 una reuni\u00f3n con el grupo parlamentario popular, del que hasta ahora es portavoz.<\/p>  <p>La Junta de S\u00edndics de Les Corts Valencianes se reunir\u00e1 este jueves a las 11 horas para tratar la fecha del pleno de investidura de Juanfran P\u00e9rez Llorca como nuevo president de la Generalitat en sustituci\u00f3n de Carlos Maz\u00f3n, seg\u00fan han informado a EFE fuentes parlamentarias.<\/p>  <p>El reglamento de Les Corts establece que la fecha del pleno de investidura del president de la Generalitat la establece la Presidencia de la C\u00e1mara auton\u00f3mica, una vez o\u00eddos los s\u00edndics de los grupos parlamentarios, entre los tres y los siete d\u00edas h\u00e1biles siguientes a la finalizaci\u00f3n del plazo para registrar candidaturas.<\/p>  <p>Este mi\u00e9rcoles acaba el plazo oficial para que el PP registre la candidatura del s\u00edndic del grupo popular en Les Corts Valencianes y secretario general del PP de la Comunitat Valenciana, Juanfran P\u00e9rez Llorca, a presidir la Generalitat tras la dimisi\u00f3n de Carlos Maz\u00f3n el pasado 3 de noviembre.<\/p>  <p>Dados los plazos que recoge el reglamento, el pleno de investidura se celebrar\u00e1 la semana que viene, y en \u00e9l ser\u00e1 necesaria mayor\u00eda absoluta (50 votos) para que el candidato sea elegido president, algo que suman los 40 diputados del PP y los 13 de Vox.<\/p>  <p>Por el momento, no se ha hecho p\u00fablico el resultado de las negociaciones entre el PP y Vox para cerrar el que ser\u00eda el tercer pacto de esta legislatura entre ambas formaciones, tras el que permiti\u00f3 elegir a Maz\u00f3n president de la Generalitat y aprobar los presupuestos auton\u00f3micos para 2025. <\/p>  <p><i>Sigue toda la \u00faltima hora en el canal de Whatsapp de Radio Valencia:<\/i><a href=\"https:\/\/eur01.safelinks.protection.outlook.com\/?url=https%3A%2F%2Fwhatsapp.com%2Fchannel%2F0029VaHjyqSFHWq2Q3iHB33R&amp;data=05%7C02%7CADuran%40prisaradio.com%7C02ea95022c714975f8a308dc815e6812%7Cc4fd49f3e15a44d882e2c909735d2e45%7C0%7C0%7C638527489700967202%7CUnknown%7CTWFpbGZsb3d8eyJWIjoiMC4wLjAwMDAiLCJQIjoiV2luMzIiLCJBTiI6Ik1haWwiLCJXVCI6Mn0%3D%7C0%7C%7C%7C&amp;sdata=bDP1arXEhYFoHtvYLOEppFDnR6On2zoB2LqKP8VJn%2Fo%3D&amp;reserved=0\" target=\"_blank\" rel=\"nofollow\" title=\"Direcci\u00f3n URL original: https:\/\/whatsapp.com\/channel\/0029VaHjyqSFHWq2Q3iHB33R. Haga clic o pulse si conf\u00eda en este v\u00ednculo.\"><i>haz clic aqu\u00ed y suscr\u00edbete<\/i><\/a><i> para recibir toda la informaci\u00f3n y la actualidad del d\u00eda en tu m\u00f3vil.<\/i><\/p> ","protected":false},"excerpt":{"rendered":"<p>El diputado mantendr\u00e1 una reuni\u00f3n con el grupo parlamentario del PP, del que hasta ahora es portavoz <\/p>\n","protected":false},"author":0,"featured_media":20017,"comment_status":"","ping_status":"open","sticky":false,"template":"","format":"standard","meta":{"_acf_changed":false,"footnotes":""},"categories":[1],"tags":[],"class_list":["post-20016","post","type-post","status-publish","format-standard","has-post-thumbnail","hentry","category-sin-categoria"],"acf":{"ser_id":"N2VTWPU5SJA5XBG2QDD7JRV63A","ser_url":"https:\/\/cadenaser.com\/comunitat-valenciana\/2025\/11\/18\/juanfran-perez-llorca-presenta-este-miercoles-su-candidatura-a-presidir-la-generalitat-valenciana-radio-valencia\/"},"_links":{"self":[{"href":"https:\/\/serbenidorm.daliisolutions.com\/index.php\/wp-json\/wp\/v2\/posts\/20016","targetHints":{"allow":["GET"]}}],"collection":[{"href":"https:\/\/serbenidorm.daliisolutions.com\/index.php\/wp-json\/wp\/v2\/posts"}],"about":[{"href":"https:\/\/serbenidorm.daliisolutions.com\/index.php\/wp-json\/wp\/v2\/types\/post"}],"replies":[{"embeddable":true,"href":"https:\/\/serbenidorm.daliisolutions.com\/index.php\/wp-json\/wp\/v2\/comments?post=20016"}],"version-history":[{"count":0,"href":"https:\/\/serbenidorm.daliisolutions.com\/index.php\/wp-json\/wp\/v2\/posts\/20016\/revisions"}],"wp:featuredmedia":[{"embeddable":true,"href":"https:\/\/serbenidorm.daliisolutions.com\/index.php\/wp-json\/wp\/v2\/media\/20017"}],"wp:attachment":[{"href":"https:\/\/serbenidorm.daliisolutions.com\/index.php\/wp-json\/wp\/v2\/media?parent=20016"}],"wp:term":[{"taxonomy":"category","embeddable":true,"href":"https:\/\/serbenidorm.daliisolutions.com\/index.php\/wp-json\/wp\/v2\/categories?post=20016"},{"taxonomy":"post_tag","embeddable":true,"href":"https:\/\/serbenidorm.daliisolutions.com\/index.php\/wp-json\/wp\/v2\/tags?post=20016"}],"curies":[{"name":"wp","href":"https:\/\/api.w.org\/{rel}","templated":true}]}}