{"id":20021,"date":"2025-11-18T16:08:25","date_gmt":"2025-11-18T15:08:25","guid":{"rendered":"https:\/\/serbenidorm.daliisolutions.com\/index.php\/2025\/11\/18\/la-nucia-cierra-unos-juegos-nacionales-de-combate-historicos-y-multitudinarios\/"},"modified":"2025-11-18T16:08:25","modified_gmt":"2025-11-18T15:08:25","slug":"la-nucia-cierra-unos-juegos-nacionales-de-combate-historicos-y-multitudinarios","status":"publish","type":"post","link":"https:\/\/serbenidorm.daliisolutions.com\/index.php\/2025\/11\/18\/la-nucia-cierra-unos-juegos-nacionales-de-combate-historicos-y-multitudinarios\/","title":{"rendered":"La Nuc\u00eda cierra unos Juegos Nacionales de Combate hist\u00f3ricos y multitudinarios"},"content":{"rendered":" <p>Durante nueve intensos d\u00edas, La Nuc\u00eda volvi\u00f3 a situarse en el epicentro del deporte espa\u00f1ol al acoger la primera edici\u00f3n de los Juegos Nacionales de Deportes de Combate. Un evento hist\u00f3rico impulsado por Asociaci\u00f3n del Deporte Espa\u00f1ol (ADESP) que reuni\u00f3 a siete federaciones nacionales \u2014Karate, Judo, Esgrima, Kickboxing y Muay Thai, Taekwondo, Boxeo y Lucha\u2014 y que dej\u00f3 un balance rotundo: m\u00e1s de 1.200 deportistas compitiendo en diez campeonatos nacionales y una afluencia total superior a las 4.000 personas entre t\u00e9cnicos, entrenadores y acompa\u00f1antes.<\/p>  <p>Estos primeros Juegos de Combate no solo han supuesto una cita in\u00e9dita en Espa\u00f1a, sino tambi\u00e9n un impulso decisivo para el ya consolidado proyecto de \u201cLa Nuc\u00eda, Ciudad del Deporte\u201d. Las competiciones se desarrollaron de forma simult\u00e1nea en los pabellones Muixara y Camilo Cano, que durante una semana se convirtieron en el gran escaparate de las disciplinas de combate nacionales, ofreciendo m\u00e1s de 70 horas totales de competici\u00f3n y m\u00e1s de 500 medallas entregadas.<\/p>  <p>El evento cont\u00f3 con el respaldo de la Generalitat Valenciana, la Diputaci\u00f3n de Alicante y el Ayuntamiento de La Nuc\u00eda, adem\u00e1s de un amplio elenco de referentes internacionales. Entre ellos destac\u00f3 la presencia de Sandra S\u00e1nchez, campeona ol\u00edmpica en Tokio y embajadora oficial de esta primera edici\u00f3n; Eva Mar\u00eda Naranjo; y Mar\u00eda Torres, campeona del mundo y una de las protagonistas deportivas del evento.<\/p>  <p>El alcalde de La Nuc\u00eda, Bernab\u00e9 Cano, realiz\u00f3 un balance \u201cextraordinariamente positivo\u201d tras la clausura del evento: \u201cHa sido una competici\u00f3n hist\u00f3rica y la primera vez que se celebra algo as\u00ed en Espa\u00f1a. Para nosotros ha sido un honor acogerla con la mejor embajadora posible, Sandra S\u00e1nchez. Han sido nueve d\u00edas intensos con m\u00e1s de 1.200 deportistas y m\u00e1s de 4.000 personas movilizadas. Esto supone un enorme retorno econ\u00f3mico para La Nuc\u00eda: hosteler\u00eda, comercio, restaurantes\u2026\u201d.<\/p>  <p>Cano destac\u00f3 adem\u00e1s otro hecho clave: la puesta en marcha oficial del nuevo Centro de Tecnificaci\u00f3n y Alto Rendimiento de Deportes de Combate, una instalaci\u00f3n de 3.500 metros cuadrados que se suma al enorme puzzle deportivo del municipio y que abre nuevas oportunidades para futuras tecnificaciones, stages y formaci\u00f3n especializada.<\/p>  <p>El reci\u00e9n inaugurado Centro de Tecnificaci\u00f3n ofrece cinco grandes \u00e1reas de entrenamiento polivalentes de 650 metros cuadrados cada una, panelables y adaptadas a todo tipo de disciplinas. Adem\u00e1s, dispone de rings movibles, zona de sacos de boxeo, gimnasio completo y espacios para preparaci\u00f3n f\u00edsica.<\/p>  <p>La karateka Sandra S\u00e1nchez protagoniz\u00f3 la puesta de largo del centro con la realizaci\u00f3n de un \u201ckata\u201d inaugural, un gesto simb\u00f3lico que refuerza el valor de la instalaci\u00f3n para la \u00e9lite deportiva espa\u00f1ola. A lo largo de los Juegos, todas las federaciones participantes pasaron por el nuevo centro para conocer sus prestaciones y comenzar a reservar fechas para pr\u00f3ximos programas de tecnificaci\u00f3n.<\/p>  <p>Los Juegos Nacionales de Deportes de Combate tambi\u00e9n han marcado un punto de inflexi\u00f3n en la difusi\u00f3n medi\u00e1tica de estas disciplinas. Gracias a la retransmisi\u00f3n en directo y a los contenidos exclusivos producidos por ADESP TV, miles de aficionados de toda Espa\u00f1a \u2014e incluso del extranjero\u2014 pudieron seguir las competiciones, dando una visibilidad in\u00e9dita a los atletas y a las federaciones implicadas.<\/p>  <p>Jos\u00e9 Luis Abajo \u201cPirri\u201d, presidente de la Federaci\u00f3n Espa\u00f1ola de Esgrima, bronce ol\u00edmpico y responsable del \u00e1rea de Deportes de Combate en ADESP, subray\u00f3 el valor del trabajo conjunto: \u201cHemos demostrado que trabajando juntos crecemos y damos m\u00e1s visibilidad a nuestros Deportes. La uni\u00f3n hace la fuerza. Este evento marca un antes y un despu\u00e9s\u201d.<\/p>  <p>Con esta primera edici\u00f3n, La Nuc\u00eda consolida su liderazgo nacional en la organizaci\u00f3n de grandes eventos deportivos y se posiciona como punto de referencia para el futuro del deporte de combate en Espa\u00f1a.<\/p> ","protected":false},"excerpt":{"rendered":"<p>La cita reuni\u00f3 a 1.200 atletas de siete federaciones y estren\u00f3 el nuevo Centro de Tecnificaci\u00f3n de combate<\/p>\n","protected":false},"author":0,"featured_media":20022,"comment_status":"","ping_status":"open","sticky":false,"template":"","format":"standard","meta":{"_acf_changed":false,"footnotes":""},"categories":[16],"tags":[],"class_list":["post-20021","post","type-post","status-publish","format-standard","has-post-thumbnail","hentry","category-deportes"],"acf":{"ser_id":"2KIOQL7CGBDI7BSIWGQKTDT2YE","ser_url":"https:\/\/cadenaser.com\/comunitat-valenciana\/2025\/11\/18\/la-nucia-cierra-unos-juegos-nacionales-de-combate-historicos-y-multitudinarios-radio-benidorm\/"},"_links":{"self":[{"href":"https:\/\/serbenidorm.daliisolutions.com\/index.php\/wp-json\/wp\/v2\/posts\/20021","targetHints":{"allow":["GET"]}}],"collection":[{"href":"https:\/\/serbenidorm.daliisolutions.com\/index.php\/wp-json\/wp\/v2\/posts"}],"about":[{"href":"https:\/\/serbenidorm.daliisolutions.com\/index.php\/wp-json\/wp\/v2\/types\/post"}],"replies":[{"embeddable":true,"href":"https:\/\/serbenidorm.daliisolutions.com\/index.php\/wp-json\/wp\/v2\/comments?post=20021"}],"version-history":[{"count":0,"href":"https:\/\/serbenidorm.daliisolutions.com\/index.php\/wp-json\/wp\/v2\/posts\/20021\/revisions"}],"wp:featuredmedia":[{"embeddable":true,"href":"https:\/\/serbenidorm.daliisolutions.com\/index.php\/wp-json\/wp\/v2\/media\/20022"}],"wp:attachment":[{"href":"https:\/\/serbenidorm.daliisolutions.com\/index.php\/wp-json\/wp\/v2\/media?parent=20021"}],"wp:term":[{"taxonomy":"category","embeddable":true,"href":"https:\/\/serbenidorm.daliisolutions.com\/index.php\/wp-json\/wp\/v2\/categories?post=20021"},{"taxonomy":"post_tag","embeddable":true,"href":"https:\/\/serbenidorm.daliisolutions.com\/index.php\/wp-json\/wp\/v2\/tags?post=20021"}],"curies":[{"name":"wp","href":"https:\/\/api.w.org\/{rel}","templated":true}]}}