{"id":20042,"date":"2025-11-19T11:16:40","date_gmt":"2025-11-19T10:16:40","guid":{"rendered":"https:\/\/serbenidorm.daliisolutions.com\/index.php\/2025\/11\/19\/servigroup-benidorm-y-agustinos-alicante-disputan-un-electrico-derbi-provincial\/"},"modified":"2025-11-19T11:16:40","modified_gmt":"2025-11-19T10:16:40","slug":"servigroup-benidorm-y-agustinos-alicante-disputan-un-electrico-derbi-provincial","status":"publish","type":"post","link":"https:\/\/serbenidorm.daliisolutions.com\/index.php\/2025\/11\/19\/servigroup-benidorm-y-agustinos-alicante-disputan-un-electrico-derbi-provincial\/","title":{"rendered":"Servigroup Benidorm y Agustinos Alicante disputan un el\u00e9ctrico derbi provincial"},"content":{"rendered":" <p>El Balonmano Servigroup Benidorm regresa este mi\u00e9rcoles (20:00 horas) al Palau d\u2019Esports l\u2019Illa para afrontar un apasionante derbi provincial ante la Fundaci\u00f3n Agustinos de Alicante correspondiente al partido aplazado de la octava jornada de la Divisi\u00f3n de Honor Plata y en el que, como siempre sucede en este tipo de encuentros, hay algo m\u00e1s de dos puntos en juego.<\/p>  <p>Los de Mako Krivokapic vuelven a casa con la misi\u00f3n y la necesidad de recuperar las buenas sensaciones y, sobre todo, la senda de la victoria tras los tropiezos sufridos ante A Coru\u00f1a y Sevilla y, con ello, reengancharse al tren de equipos que pelean por el liderato de la clasificaci\u00f3n y, con ello, por el \u00fanico puesto de ascenso directo a la Liga Asobal al final de la temporada.<\/p>  <p>Los locales conf\u00edan en contar con el apoyo incondicional de su afici\u00f3n, que tan importante y clave ha sido en ocasiones similares anteriores, para poder superar a un equipo que, hasta la derrota del pasado fin de semana en casa ante A Coru\u00f1a, ven\u00eda ocupando el liderato de la tabla y que, en cierta medida, se hab\u00eda convertido en una de las grandes sorpresas del primer tercio de la temporada.<\/p>  <p>El propio capit\u00e1n benidormense, Pablo \u2018Colo\u2019 Vainstein, reconoc\u00eda la importancia de este choque, sobre todo, para superar el bache emocional de los \u00faltimos resultados. Preguntado sobre si cree que la derrota sufrida en casa por su pr\u00f3ximo rival el pasado fin de semana pod\u00eda ser un factor a tener en cuenta, el internacional argentino explicaba que \u201cno hay que mirar los resultados. Si hay algo que ya he entendido es que la realidad de esta liga es que todos los rivales van a competir a todos los campos y uno tiene que ocuparse de lo suyo y de competir los 60 minutos sin desconcentrarse porque cualquier equipo se mete en el partido y, al final, lo que decide los encuentros son los detalles\u201d.<\/p>  <p>En ese sentido, \u2018Colo\u2019 Vainstein afirma que \u201cel equipo est\u00e1 dolido y l\u00f3gicamente \u2018tocado\u2019 porque venimos de dos derrotas y lo que he querido transmitirle al vestuario es que no hay tiempo para los lamentos. Este mi\u00e9rcoles tenemos un partido important\u00edsimo en casa y hay que sacarlo adelante\u201d.<\/p>  <p>Este ser\u00e1 ya el tercero de los seis partidos que el Balonmano Servigroup Benidorm jugar\u00e1 este mes de noviembre (el domingo, de nuevo en el Palau, jugar\u00e1 el cuarto ante el Zaragoza), pero el capit\u00e1n no quiere que esa acumulaci\u00f3n de compromisos sirva como excusa. \u201cEs verdad que hab\u00edamos encontrado un buen momento tras el partido del Bar\u00e7a y el gran partido que hicimos en Santander\u201d, asegura, y aunque reconoce que \u201cel par\u00f3n por el aplazamiento de Agustinos no nos vino bien\u201d, tambi\u00e9n a\u00f1ade que \u201csab\u00edamos que el mes de noviembre iba a ser complicado en cuanto a la acumulaci\u00f3n de partidos. Pero al final, se trata de recuperarse r\u00e1pido y corregir lo que tenemos que corregir sabiendo que el mi\u00e9rcoles tenemos un partido dur\u00edsimo y que el domingo tendremos otro igual de duro\u201d.<\/p> ","protected":false},"excerpt":{"rendered":"<p>El equipo benidormense regresa al Palau con la intenci\u00f3n de recuperar las buenas sensaciones<\/p>\n","protected":false},"author":0,"featured_media":20043,"comment_status":"","ping_status":"open","sticky":false,"template":"","format":"standard","meta":{"_acf_changed":false,"footnotes":""},"categories":[16],"tags":[],"class_list":["post-20042","post","type-post","status-publish","format-standard","has-post-thumbnail","hentry","category-deportes"],"acf":{"ser_id":"J2EKQFX6WBD2NN5QGBCRFE2WYI","ser_url":"https:\/\/cadenaser.com\/comunitat-valenciana\/2025\/11\/19\/servigroup-benidorm-y-agustinos-alicante-disputan-un-electrico-derbi-provincial-radio-benidorm\/"},"_links":{"self":[{"href":"https:\/\/serbenidorm.daliisolutions.com\/index.php\/wp-json\/wp\/v2\/posts\/20042","targetHints":{"allow":["GET"]}}],"collection":[{"href":"https:\/\/serbenidorm.daliisolutions.com\/index.php\/wp-json\/wp\/v2\/posts"}],"about":[{"href":"https:\/\/serbenidorm.daliisolutions.com\/index.php\/wp-json\/wp\/v2\/types\/post"}],"replies":[{"embeddable":true,"href":"https:\/\/serbenidorm.daliisolutions.com\/index.php\/wp-json\/wp\/v2\/comments?post=20042"}],"version-history":[{"count":0,"href":"https:\/\/serbenidorm.daliisolutions.com\/index.php\/wp-json\/wp\/v2\/posts\/20042\/revisions"}],"wp:featuredmedia":[{"embeddable":true,"href":"https:\/\/serbenidorm.daliisolutions.com\/index.php\/wp-json\/wp\/v2\/media\/20043"}],"wp:attachment":[{"href":"https:\/\/serbenidorm.daliisolutions.com\/index.php\/wp-json\/wp\/v2\/media?parent=20042"}],"wp:term":[{"taxonomy":"category","embeddable":true,"href":"https:\/\/serbenidorm.daliisolutions.com\/index.php\/wp-json\/wp\/v2\/categories?post=20042"},{"taxonomy":"post_tag","embeddable":true,"href":"https:\/\/serbenidorm.daliisolutions.com\/index.php\/wp-json\/wp\/v2\/tags?post=20042"}],"curies":[{"name":"wp","href":"https:\/\/api.w.org\/{rel}","templated":true}]}}