{"id":20049,"date":"2025-11-19T13:59:11","date_gmt":"2025-11-19T12:59:11","guid":{"rendered":"https:\/\/serbenidorm.daliisolutions.com\/index.php\/2025\/11\/19\/los-hoteles-de-benidorm-siguen-pisando-el-acelerador-en-otono\/"},"modified":"2025-11-19T13:59:11","modified_gmt":"2025-11-19T12:59:11","slug":"los-hoteles-de-benidorm-siguen-pisando-el-acelerador-en-otono","status":"publish","type":"post","link":"https:\/\/serbenidorm.daliisolutions.com\/index.php\/2025\/11\/19\/los-hoteles-de-benidorm-siguen-pisando-el-acelerador-en-otono\/","title":{"rendered":"Los hoteles de Benidorm siguen pisando el acelerador en oto\u00f1o"},"content":{"rendered":" <p>La ciudad de Benidorm vuelve a consolidarse como principal motor tur\u00edstico de la Comunitat Valenciana al cerrar la primera quincena de noviembre con una ocupaci\u00f3n hotelera del 83,3 por ciento, dos puntos m\u00e1s que en 2024.<\/p>  <p>As\u00ed se desprende de la estad\u00edstica de BigData de la patronal hotelera valenciana Hosbec, donde se refleja que este destino se mantiene como referencia auton\u00f3mica en temporada baja y vuelve a liderar el avance frente a la estacionalidad.<\/p>  <p>El mercado internacional contin\u00faa siendo el gran sost\u00e9n del municipio, <a href=\"https:\/\/cadenaser.com\/tag\/benidorm\/a\/\" target=\"_blank\" rel=\"nofollow\" title=\"https:\/\/cadenaser.com\/tag\/benidorm\/a\/\">con el Reino Unido a la cabeza y concentrando el 46,3 por ciento de los viajeros<\/a>, mientras que el turismo nacional aporta el 37,2, y en ambos casos con niveles similares a los del a\u00f1o anterior. <\/p>  <p>La estructura del resto de mercados \u2014B\u00e9lgica, Pa\u00edses Bajos e Irlanda\u2014 se mantiene estable y refuerza la fidelidad del visitante europeo incluso fuera del verano, seg\u00fan la patronal, que ha indicado que por categor\u00edas hoteleras, los establecimientos de tres estrellas registran un 83,8 % de ocupaci\u00f3n y mantienen los datos del ejercicio pasado, mientras que los de cuatro estrellas anotan una subida significativa hasta el 83,2%, con un incremento de 4,2 puntos. <\/p>  <p>Hosbec ha destacado que esta evoluci\u00f3n confirma la fortaleza del destino y su capacidad de atraer turismo de distintos segmentos.<\/p>  <p>En el conjunto de la Comunitat, todos los destinos mejoran resultados y avanzan de forma notable respecto a 2024 ya que la Costa Blanca alcanza un 77 por ciento (+8 puntos), Castell\u00f3n sube hasta el 67,4 % (+15 puntos) y Valencia roza el 81, dejando atr\u00e1s un a\u00f1o especialmente d\u00e9bil.<\/p>  <p>Hosbec ha avanzado que las reservas para la segunda quincena de noviembre sit\u00faan ya a Benidorm en un 72 por ciento de ocupaci\u00f3n prevista, un dato que reafirma que el municipio sigue ganando terreno a la estacionalidad y mantiene un nivel de actividad notable en pleno periodo prenavide\u00f1o. <\/p>  <p><\/p> ","protected":false},"excerpt":{"rendered":"<p>La ciudad vuelve a encabezar la ocupaci\u00f3n hotelera de la Comunitat Valenciana y supera en dos puntos sus registros del a\u00f1o pasado<\/p>\n","protected":false},"author":0,"featured_media":20050,"comment_status":"","ping_status":"open","sticky":false,"template":"","format":"standard","meta":{"_acf_changed":false,"footnotes":""},"categories":[1],"tags":[],"class_list":["post-20049","post","type-post","status-publish","format-standard","has-post-thumbnail","hentry","category-sin-categoria"],"acf":{"ser_id":"JOOTL3SZSFBLLPREJCPH6F3A7Y","ser_url":"https:\/\/cadenaser.com\/comunitat-valenciana\/2025\/11\/19\/los-hoteles-de-benidorm-siguen-pisando-el-acelerador-en-otono-radio-benidorm\/"},"_links":{"self":[{"href":"https:\/\/serbenidorm.daliisolutions.com\/index.php\/wp-json\/wp\/v2\/posts\/20049","targetHints":{"allow":["GET"]}}],"collection":[{"href":"https:\/\/serbenidorm.daliisolutions.com\/index.php\/wp-json\/wp\/v2\/posts"}],"about":[{"href":"https:\/\/serbenidorm.daliisolutions.com\/index.php\/wp-json\/wp\/v2\/types\/post"}],"replies":[{"embeddable":true,"href":"https:\/\/serbenidorm.daliisolutions.com\/index.php\/wp-json\/wp\/v2\/comments?post=20049"}],"version-history":[{"count":0,"href":"https:\/\/serbenidorm.daliisolutions.com\/index.php\/wp-json\/wp\/v2\/posts\/20049\/revisions"}],"wp:featuredmedia":[{"embeddable":true,"href":"https:\/\/serbenidorm.daliisolutions.com\/index.php\/wp-json\/wp\/v2\/media\/20050"}],"wp:attachment":[{"href":"https:\/\/serbenidorm.daliisolutions.com\/index.php\/wp-json\/wp\/v2\/media?parent=20049"}],"wp:term":[{"taxonomy":"category","embeddable":true,"href":"https:\/\/serbenidorm.daliisolutions.com\/index.php\/wp-json\/wp\/v2\/categories?post=20049"},{"taxonomy":"post_tag","embeddable":true,"href":"https:\/\/serbenidorm.daliisolutions.com\/index.php\/wp-json\/wp\/v2\/tags?post=20049"}],"curies":[{"name":"wp","href":"https:\/\/api.w.org\/{rel}","templated":true}]}}