{"id":2005,"date":"2024-02-05T08:51:55","date_gmt":"2024-02-05T07:51:55","guid":{"rendered":"https:\/\/serbenidorm.daliisolutions.com\/index.php\/2024\/02\/05\/interceptan-una-patera-con-13-personas-en-benidorm\/"},"modified":"2024-02-05T08:51:55","modified_gmt":"2024-02-05T07:51:55","slug":"interceptan-una-patera-con-13-personas-en-benidorm","status":"publish","type":"post","link":"https:\/\/serbenidorm.daliisolutions.com\/index.php\/2024\/02\/05\/interceptan-una-patera-con-13-personas-en-benidorm\/","title":{"rendered":"Interceptan una patera con 13 personas en Benidorm"},"content":{"rendered":"  <p>Benidorm<\/p>   <p>Una patera con trece personas ha llegado esta ma\u00f1ana a las costas de Benidorm.<\/p>   <p>Sobre las cinco de esta ma\u00f1ana<a href=\"https:\/\/cadenaser.com\/comunitat-valenciana\/2023\/11\/15\/localizada-en-aguas-de-altea-una-patera-con-ocho-adultos-y-un-menor-a-bordo-radio-benidorm\/\" target=\"_blank\" rel=\"noopener\"> se ha interceptado una patera<\/a> entre las calas Almadraba y T\u00edo Ximo de Benidorm. A bordo iban 13 personas, entre ellas cuatro mujeres y dos menores, todos ellos de origen argelino y marroqu\u00ed, seg\u00fan fuentes de la Polic\u00eda Local de Benidorm. Las mismas fuentes indican que los ocupantes del bote \u00abse encuentran en buen estado de salud\u00bb.<\/p>   <p><a href=\"https:\/\/cadenaser.com\/comunitat-valenciana\/2023\/10\/16\/rescatadas-frente-a-benidorm-ocho-personas-de-una-patera-que-llevaba-varios-dias-a-la-deriva-radio-benidorm\/\" target=\"_blank\" rel=\"noopener\">Los inmigrantes han sido trasladados a Alicante<\/a> por la Polic\u00eda Nacional para su atenci\u00f3n, tal y como marca el protocolo. La Polic\u00eda Local de Benidorm se ha encargado de remolcar la patera hasta el puerto.<\/p> ","protected":false},"excerpt":{"rendered":"<p>Entre los ocupantes se encontraban cuatro mujeres y dos menores de edad<\/p>\n","protected":false},"author":0,"featured_media":2006,"comment_status":"open","ping_status":"open","sticky":false,"template":"","format":"standard","meta":{"_acf_changed":false,"footnotes":""},"categories":[1],"tags":[],"class_list":["post-2005","post","type-post","status-publish","format-standard","has-post-thumbnail","hentry","category-sin-categoria"],"acf":{"ser_id":"BZORYUIISJACRHPXZNZTWCMTMU","ser_url":"https:\/\/cadenaser.com\/comunitat-valenciana\/2024\/02\/05\/interceptan-una-patera-con-13-personas-en-benidorm-radio-benidorm\/"},"_links":{"self":[{"href":"https:\/\/serbenidorm.daliisolutions.com\/index.php\/wp-json\/wp\/v2\/posts\/2005","targetHints":{"allow":["GET"]}}],"collection":[{"href":"https:\/\/serbenidorm.daliisolutions.com\/index.php\/wp-json\/wp\/v2\/posts"}],"about":[{"href":"https:\/\/serbenidorm.daliisolutions.com\/index.php\/wp-json\/wp\/v2\/types\/post"}],"replies":[{"embeddable":true,"href":"https:\/\/serbenidorm.daliisolutions.com\/index.php\/wp-json\/wp\/v2\/comments?post=2005"}],"version-history":[{"count":0,"href":"https:\/\/serbenidorm.daliisolutions.com\/index.php\/wp-json\/wp\/v2\/posts\/2005\/revisions"}],"wp:featuredmedia":[{"embeddable":true,"href":"https:\/\/serbenidorm.daliisolutions.com\/index.php\/wp-json\/wp\/v2\/media\/2006"}],"wp:attachment":[{"href":"https:\/\/serbenidorm.daliisolutions.com\/index.php\/wp-json\/wp\/v2\/media?parent=2005"}],"wp:term":[{"taxonomy":"category","embeddable":true,"href":"https:\/\/serbenidorm.daliisolutions.com\/index.php\/wp-json\/wp\/v2\/categories?post=2005"},{"taxonomy":"post_tag","embeddable":true,"href":"https:\/\/serbenidorm.daliisolutions.com\/index.php\/wp-json\/wp\/v2\/tags?post=2005"}],"curies":[{"name":"wp","href":"https:\/\/api.w.org\/{rel}","templated":true}]}}