{"id":2007,"date":"2024-02-05T09:33:57","date_gmt":"2024-02-05T08:33:57","guid":{"rendered":"https:\/\/serbenidorm.daliisolutions.com\/index.php\/2024\/02\/05\/el-tm-benidorm-sufre-para-imponerse-al-blendio-sinfin\/"},"modified":"2024-02-05T09:33:57","modified_gmt":"2024-02-05T08:33:57","slug":"el-tm-benidorm-sufre-para-imponerse-al-blendio-sinfin","status":"publish","type":"post","link":"https:\/\/serbenidorm.daliisolutions.com\/index.php\/2024\/02\/05\/el-tm-benidorm-sufre-para-imponerse-al-blendio-sinfin\/","title":{"rendered":"El TM Benidorm sufre para imponerse al Blendio Sinf\u00edn"},"content":{"rendered":"  <p>Benidorm<\/p>   <p>Lo avis\u00f3 el entrenador del TM Benidorm, Sergio Carballeira, antes del reinicio de la <a href=\"https:\/\/cadenaser.com\/tag\/liga_asobal\/a\/\" target=\"_blank\" rel=\"noopener\">Liga Asobal<\/a>: el Blendio Sinf\u00edn, colista de la competici\u00f3n, ten\u00eda muy poco que ver con el equipo que se hab\u00eda visto en la primera vuelta y pod\u00eda suponer un escollo mucho m\u00e1s complicado de lo que cab\u00eda suponer al mirar la tabla. El gallego no se equivoc\u00f3 y pese a que su equipo lleg\u00f3 a disfrutar de hasta seis goles de ventaja mediada la segunda mitad, el <a href=\"https:\/\/cadenaser.com\/tag\/club_balonmano_benidorm\/a\/\" target=\"_blank\" rel=\"noopener\">TM Benidorm<\/a> acab\u00f3 sufriendo mucho m\u00e1s de la cuenta para llevarse los dos puntos del pabell\u00f3n Agustinos de Alicante con un resultado final de 26-25.<\/p>   <p>El partido, que hab\u00eda tenido de todo, acab\u00f3 decidi\u00e9ndose en un \u00faltimo ataque del equipo visitante que se la jug\u00f3 con un lanzamiento que, por fortuna para los intereses benidormenses, acab\u00f3 cortando la defensa y dejando los dos puntos en su zurr\u00f3n.<\/p>   <p>Sin duda, el nombre propio del partido fue el del nuevo portero esloveno del conjunto c\u00e1ntabro, Matic Gercar, que protagoniz\u00f3 una actuaci\u00f3n extraordinaria a lo largo de los 60 minutos, pero muy especialmente al arranque del choque, evitando que el TM Benidorm pudiera poner tierra de por medio y disfrutar de una relativa tranquilidad en este reencuentro con la competici\u00f3n oficial.<\/p>  <p><p>M\u00e1s informaci\u00f3n<\/p><figure><img decoding=\"async\" src=\"https:\/\/cadenaser.com\/resizer\/DhNbOFcXO6wd-4cpiKjwdiLg2WI=\/650x366\/filters:quality(70)\/cloudfront-eu-central-1.images.arcpublishing.com\/prisaradio\/YFQXBBNX3VHL3HVPEPIG4WJ6FE.jpeg\" loading=\"lazy\" width=\"828\" height=\"621\" \/><\/figure><ul><li><a href=\"https:\/\/cadenaser.com\/comunitat-valenciana\/2023\/09\/05\/todos-los-partidos-los-horarios-y-los-resultados-del-tm-benidorm-2023-2024-radio-benidorm\/\">Todos los partidos, los horarios y los resultados del TM Benidorm 2023-2024<\/a><\/li><\/ul><\/p>   <p>El buen hacer del cancerbero qued\u00f3 eclipsado por el que sigue siendo el gran debe del Blendio Sinf\u00edn: su endeble defensa, algo que supo aprovechar el equipo de Sergio Carballeira para decantar el choque a su favor march\u00e1ndose al descanso con una renta de cinco tantos.<\/p>   <p>Tras la reanudaci\u00f3n, el panorama sigui\u00f3 inmutable y el TM Benidorm encaraba los diez \u00faltimos minutos con seis goles de ventaja (22-16). Sin embargo, sufri\u00f3 uno de esos preocupantes apagones que, de vez en cuando, se ceban con el cuadro benidormense y encaden\u00f3 fallos y p\u00e9rdidas que dieron vida a los c\u00e1ntabros hasta disponer, en la jugada final, de ese tiro que podr\u00eda haber supuesto el empate y que, finalmente, fue blocado para acabar con la victoria por 26-25 que coloca al TM Benidorm en la novena posici\u00f3n con los mismos puntos que el Ademar de Le\u00f3n, octavo y pr\u00f3ximo rival de los de Carballeira.<\/p> ","protected":false},"excerpt":{"rendered":"<p>A los de Sergio Carballeira se les complic\u00f3 el partido m\u00e1s de la cuenta en su recta final<\/p>\n","protected":false},"author":0,"featured_media":2008,"comment_status":"open","ping_status":"open","sticky":false,"template":"","format":"standard","meta":{"_acf_changed":false,"footnotes":""},"categories":[16],"tags":[],"class_list":["post-2007","post","type-post","status-publish","format-standard","has-post-thumbnail","hentry","category-deportes"],"acf":{"ser_id":"RQEQRBNE2FBDHHS3OOEQA6CSVM","ser_url":"https:\/\/cadenaser.com\/comunitat-valenciana\/2024\/02\/05\/el-tm-benidorm-sufre-para-imponerse-al-blendio-sinfin-radio-benidorm\/"},"_links":{"self":[{"href":"https:\/\/serbenidorm.daliisolutions.com\/index.php\/wp-json\/wp\/v2\/posts\/2007","targetHints":{"allow":["GET"]}}],"collection":[{"href":"https:\/\/serbenidorm.daliisolutions.com\/index.php\/wp-json\/wp\/v2\/posts"}],"about":[{"href":"https:\/\/serbenidorm.daliisolutions.com\/index.php\/wp-json\/wp\/v2\/types\/post"}],"replies":[{"embeddable":true,"href":"https:\/\/serbenidorm.daliisolutions.com\/index.php\/wp-json\/wp\/v2\/comments?post=2007"}],"version-history":[{"count":0,"href":"https:\/\/serbenidorm.daliisolutions.com\/index.php\/wp-json\/wp\/v2\/posts\/2007\/revisions"}],"wp:featuredmedia":[{"embeddable":true,"href":"https:\/\/serbenidorm.daliisolutions.com\/index.php\/wp-json\/wp\/v2\/media\/2008"}],"wp:attachment":[{"href":"https:\/\/serbenidorm.daliisolutions.com\/index.php\/wp-json\/wp\/v2\/media?parent=2007"}],"wp:term":[{"taxonomy":"category","embeddable":true,"href":"https:\/\/serbenidorm.daliisolutions.com\/index.php\/wp-json\/wp\/v2\/categories?post=2007"},{"taxonomy":"post_tag","embeddable":true,"href":"https:\/\/serbenidorm.daliisolutions.com\/index.php\/wp-json\/wp\/v2\/tags?post=2007"}],"curies":[{"name":"wp","href":"https:\/\/api.w.org\/{rel}","templated":true}]}}