{"id":20082,"date":"2025-11-20T07:56:51","date_gmt":"2025-11-20T06:56:51","guid":{"rendered":"https:\/\/serbenidorm.daliisolutions.com\/index.php\/2025\/11\/20\/perez-llorca-sobre-las-negociaciones-con-vox-para-presidir-la-generalitat-valenciana-el-acuerdo-se-va-a-alcanzar\/"},"modified":"2025-11-20T07:56:51","modified_gmt":"2025-11-20T06:56:51","slug":"perez-llorca-sobre-las-negociaciones-con-vox-para-presidir-la-generalitat-valenciana-el-acuerdo-se-va-a-alcanzar","status":"publish","type":"post","link":"https:\/\/serbenidorm.daliisolutions.com\/index.php\/2025\/11\/20\/perez-llorca-sobre-las-negociaciones-con-vox-para-presidir-la-generalitat-valenciana-el-acuerdo-se-va-a-alcanzar\/","title":{"rendered":"P\u00e9rez Llorca sobre las negociaciones con Vox para presidir la Generalitat Valenciana: \u00abEl acuerdo se va a alcanzar\u00bb"},"content":{"rendered":" <p>El popular Juanfran P\u00e9rez Llorca ha <a href=\"https:\/\/cadenaser.com\/comunitat-valenciana\/2025\/11\/18\/juanfran-perez-llorca-presenta-este-miercoles-su-candidatura-a-presidir-la-generalitat-valenciana-radio-valencia\/\" target=\"_blank\" rel=\"noreferrer\" title=\"https:\/\/cadenaser.com\/comunitat-valenciana\/2025\/11\/18\/juanfran-perez-llorca-presenta-este-miercoles-su-candidatura-a-presidir-la-generalitat-valenciana-radio-valencia\/\">presentado este mi\u00e9rcoles su candidatura a presidir la Generalitat<\/a>, en sustituci\u00f3n del <a href=\"https:\/\/cadenaser.com\/comunitat-valenciana\/2025\/11\/03\/carlos-mazon-dimite-como-president-de-la-generalitat-pero-sin-adelanto-electoral-radio-valencia\/\" target=\"_blank\" rel=\"noreferrer\" title=\"https:\/\/cadenaser.com\/comunitat-valenciana\/2025\/11\/03\/carlos-mazon-dimite-como-president-de-la-generalitat-pero-sin-adelanto-electoral-radio-valencia\/\">dimitido Carlos Maz\u00f3n<\/a>.<\/p>  <p>P\u00e9rez Llorca ha comparecido en Les Corts Valencianes tras recabar el apoyo de su grupo parlamentario y para presentar a <a href=\"https:\/\/cadenaser.com\/comunitat-valenciana\/2025\/11\/19\/nando-pastor-relevara-a-juanfran-perez-llorca-como-sindic-del-pp-en-les-corts-radio-valencia\/\" target=\"_blank\" rel=\"noreferrer\" title=\"https:\/\/cadenaser.com\/comunitat-valenciana\/2025\/11\/19\/nando-pastor-relevara-a-juanfran-perez-llorca-como-sindic-del-pp-en-les-corts-radio-valencia\/\">quien ser\u00e1 su sustituto en la portavoc\u00eda del grupo, Fernando Pastor<\/a>.<\/p>  <p>Ha asegurado que para \u00e9l \u00abno es relevante la firma de ning\u00fan documento\u00bb previo a su investidura y ha insistido en que \u00abhasta ahora\u00bb, en las reuniones que ha mantenido, ha visto \u00abmucha cordialidad y sentido de la responsabilidad\u00bb en Vox.<\/p>  <p>Antes de acudir a les Corts, P\u00e9rez Llorca se ha reunido en el ayuntamiento de Val\u00e8ncia con la alcaldesa Mar\u00eda Jos\u00e9 Catal\u00e1, en un acto simb\u00f3lico, donde ha sido la primera diputada en firmar su respaldo a esa candidatura.<\/p>  <img src='https:\/\/cloudfront-eu-central-1.images.arcpublishing.com\/prisaradio\/KSFED5D5RJAOVIOLYD4NWU6DNI.jpeg' alt='' \/>  <p>A la salida del consistorio, en declaraciones a la SER, Juanfran P\u00e9rez Llorca, ha agradecido el apoyo de la alcaldesa de Val\u00e8ncia y <a href=\"https:\/\/cadenaser.com\/comunitat-valenciana\/2025\/11\/14\/perez-llorca-habla-de-buena-sintonia-con-vox-para-llegar-a-un-acuerdo-por-responsabilidad-con-la-reconstruccion-radio-valencia\/\" target=\"_blank\" rel=\"noreferrer\" title=\"https:\/\/cadenaser.com\/comunitat-valenciana\/2025\/11\/14\/perez-llorca-habla-de-buena-sintonia-con-vox-para-llegar-a-un-acuerdo-por-responsabilidad-con-la-reconstruccion-radio-valencia\/\">sobre las negociaciones de Vox<\/a> ha destacado el compromiso y sentido de la responsabilidad de esta formaci\u00f3n y, aunque apela a la prudencia, se muestra convencido de que se llegar\u00e1 a un acuerdo.<\/p>  <p>Por su parte, el portavoz de Vox, Jos\u00e9 Mar\u00eda Llanos, tambi\u00e9n dice desconocer si se firmar\u00e1 o no un papel, para que a \u00e9l, le basta con un acuerdo cerrado.<\/p>  <p>De momento se sigue negociando, no adelanta qu\u00e9 l\u00edneas rojas se van a poner, pero a\u00f1ad\u00eda que las pol\u00edticas de Vox son las que son. Y tampoco desvelaba si el acuerdo llegar\u00e1 antes del pleno de investidura.<\/p>  <p>La oposici\u00f3n insiste en que Juanfran P\u00e9rez Llorca es m\u00e1s de lo mismo, m\u00e1s cesiones a Vox. El s\u00edndic soicalista Jos\u00e9 Mu\u00f1oz recordaba, este mi\u00e9rcoles, que Juanfran P\u00e9rez Llorca ha sido el mu\u00f1idor de los dos pactos anteriores con los ultras y de \u00e9ste tambi\u00e9n lo es, pero se van a ocultar las condiciones.<\/p>  <p>En la misma l\u00ednea, Joan Baldov\u00ed, que reclamaba que haya un documento en el que se establezcan que es lo que se firma.<\/p>  <p><i>Sigue toda la \u00faltima hora en el canal de Whatsapp de Radio Valencia:<\/i><a href=\"https:\/\/eur01.safelinks.protection.outlook.com\/?url=https%3A%2F%2Fwhatsapp.com%2Fchannel%2F0029VaHjyqSFHWq2Q3iHB33R&amp;data=05%7C02%7CADuran%40prisaradio.com%7C02ea95022c714975f8a308dc815e6812%7Cc4fd49f3e15a44d882e2c909735d2e45%7C0%7C0%7C638527489700967202%7CUnknown%7CTWFpbGZsb3d8eyJWIjoiMC4wLjAwMDAiLCJQIjoiV2luMzIiLCJBTiI6Ik1haWwiLCJXVCI6Mn0%3D%7C0%7C%7C%7C&amp;sdata=bDP1arXEhYFoHtvYLOEppFDnR6On2zoB2LqKP8VJn%2Fo%3D&amp;reserved=0\" target=\"_blank\" rel=\"nofollow\" title=\"Direcci\u00f3n URL original: https:\/\/whatsapp.com\/channel\/0029VaHjyqSFHWq2Q3iHB33R. Haga clic o pulse si conf\u00eda en este v\u00ednculo.\"><i>haz clic aqu\u00ed y suscr\u00edbete<\/i><\/a><i> para recibir toda la informaci\u00f3n y la actualidad del d\u00eda en tu m\u00f3vil.<\/i><\/p> ","protected":false},"excerpt":{"rendered":"<p>El popular ha presentado oficialmente su candidatura en Les Corts y el diputado Nando Pastor le sustituir\u00e1 en la portavoc\u00eda del PPCV<\/p>\n","protected":false},"author":0,"featured_media":20083,"comment_status":"","ping_status":"open","sticky":false,"template":"","format":"standard","meta":{"_acf_changed":false,"footnotes":""},"categories":[1],"tags":[],"class_list":["post-20082","post","type-post","status-publish","format-standard","has-post-thumbnail","hentry","category-sin-categoria"],"acf":{"ser_id":"ZFGB4FPJTJAJHIIFY42VVHPEV4","ser_url":"https:\/\/cadenaser.com\/comunitat-valenciana\/2025\/11\/19\/perez-llorca-sobre-las-negociaciones-con-vox-el-acuerdo-se-va-a-alcanzar-radio-valencia\/"},"_links":{"self":[{"href":"https:\/\/serbenidorm.daliisolutions.com\/index.php\/wp-json\/wp\/v2\/posts\/20082","targetHints":{"allow":["GET"]}}],"collection":[{"href":"https:\/\/serbenidorm.daliisolutions.com\/index.php\/wp-json\/wp\/v2\/posts"}],"about":[{"href":"https:\/\/serbenidorm.daliisolutions.com\/index.php\/wp-json\/wp\/v2\/types\/post"}],"replies":[{"embeddable":true,"href":"https:\/\/serbenidorm.daliisolutions.com\/index.php\/wp-json\/wp\/v2\/comments?post=20082"}],"version-history":[{"count":0,"href":"https:\/\/serbenidorm.daliisolutions.com\/index.php\/wp-json\/wp\/v2\/posts\/20082\/revisions"}],"wp:featuredmedia":[{"embeddable":true,"href":"https:\/\/serbenidorm.daliisolutions.com\/index.php\/wp-json\/wp\/v2\/media\/20083"}],"wp:attachment":[{"href":"https:\/\/serbenidorm.daliisolutions.com\/index.php\/wp-json\/wp\/v2\/media?parent=20082"}],"wp:term":[{"taxonomy":"category","embeddable":true,"href":"https:\/\/serbenidorm.daliisolutions.com\/index.php\/wp-json\/wp\/v2\/categories?post=20082"},{"taxonomy":"post_tag","embeddable":true,"href":"https:\/\/serbenidorm.daliisolutions.com\/index.php\/wp-json\/wp\/v2\/tags?post=20082"}],"curies":[{"name":"wp","href":"https:\/\/api.w.org\/{rel}","templated":true}]}}