{"id":20125,"date":"2025-11-21T12:37:35","date_gmt":"2025-11-21T11:37:35","guid":{"rendered":"https:\/\/serbenidorm.daliisolutions.com\/index.php\/2025\/11\/21\/bano-alaba-a-mazon-en-la-noche-de-la-economia-alicantina-ha-tenido-la-valentia-de-echarse-a-un-lado\/"},"modified":"2025-11-21T12:37:35","modified_gmt":"2025-11-21T11:37:35","slug":"bano-alaba-a-mazon-en-la-noche-de-la-economia-alicantina-ha-tenido-la-valentia-de-echarse-a-un-lado","status":"publish","type":"post","link":"https:\/\/serbenidorm.daliisolutions.com\/index.php\/2025\/11\/21\/bano-alaba-a-mazon-en-la-noche-de-la-economia-alicantina-ha-tenido-la-valentia-de-echarse-a-un-lado\/","title":{"rendered":"Ba\u00f1o alaba a Maz\u00f3n en la Noche de la Econom\u00eda alicantina: \u00abHa tenido la valent\u00eda de echarse a un lado\u00bb"},"content":{"rendered":" <p>\u00a1Se acab\u00f3! Es la frase que m\u00e1s ha repetido durante su discurso el presidente de la C\u00e1mara de Comercio de Alicante, Carlos Ba\u00f1o, este jueves al cargar contra el \u00abninguneo\u00bb a Alicante en los Presupuestos Generales del Estado, de un Gobierno \u00abausente\u00bb, ha dicho, con la provincia y ha advertido: \u00ab\u00a1Se acab\u00f3 estar en la cola de la inversi\u00f3n\u00bb. <\/p>  <p>Ha sido en su discurso en la Noche de la Econom\u00eda Alicante, donde al tiempo que cargaba contra el gobierno central, defend\u00eda su amistad con el president en funciones Carlos Maz\u00f3n y alud\u00eda al Ayuntamiento y al Puerto al sacar a la palestra \u00abel perjuicio econ\u00f3mico y reputacional\u00bb del que ha sido objeto la instituci\u00f3n cameral que preside, por las obras de ampliaci\u00f3n, actualmente paralizadas.<\/p>  <p>Una gala que ha celebrado su 50 edici\u00f3n en el Auditorio de la Diputaci\u00f3n de Alicante (ADDA), con m\u00e1s de 1.300 asistentes, entre empresarios, autoridades y representantes de diversos sectores econ\u00f3micos y sociales de la provincia de Alicante, seg\u00fan la entidad, a la que el propio Maz\u00f3n no ha asistido, as\u00ed como Juan Francisco P\u00e9rez Llorca, que ha excusado sus asistencia. La otra ausencia destacada ha sido la del alcalde de Alicante, Luis Barcala, por su participaci\u00f3n en la gala de los Premios Festers.<\/p>  <p>En ese discurso, Ba\u00f1o no ha perdido la oportunidad de elogiar la figura del &#8216;president&#8217; de la Generalitat en funciones, Carlos Maz\u00f3n, tras la \u00abdesmesura del ensa\u00f1amiento inhumano\u00bb que ha sufrido, ha dicho, antes de mostrarse confiado en que la nueva etapa que se abre seguir\u00e1 el camino emprendido por \u00e9l.<\/p>  <p>La celebraci\u00f3n ha tenido como momento central la entrega de la Medalla de Oro y Brillantes al empresario afincado en Benidorm Enrique Ballester Chofre, en homenaje a su trayectoria empresarial de m\u00e1s de 60 a\u00f1os y su compromiso social con la Marina Baixa.<\/p>  <p>Ballester Chofre, de 83 a\u00f1os, ha recogido el premio \u00abcon humildad y agradecimiento\u00bb, se\u00f1alaba, y con un recuerdo a su padre, que le ense\u00f1\u00f3 que \u00abel trabajo, la palabra y el compromiso valen m\u00e1s\u00bb que cualquier otra cosa.<\/p>  <img src='https:\/\/cloudfront-eu-central-1.images.arcpublishing.com\/prisaradio\/OHUCQWDNRNGGJGRWJ3VZWOP2HU.jpeg' alt='Enrique Ballester recibe la medalla de Oro y Brillantes de la C\u00e1mara de Comercio de Alicante' \/>  <p>En un extenso repaso por la situaci\u00f3n de la provincia, Ba\u00f1o ha subrayado que Alicante \u00abno va bien\u00bb y que apenas ha mejorado desde 2022. Sin embargo, ha pedido que no se permita que \u00ablas excusas coyunturales tapen el deterioro estructural de nuestra provincia\u00bb, que \u00absigue estando en la parte baja en la mayor\u00eda de los indicadores econ\u00f3micos de Espa\u00f1a\u00bb. <\/p>  <p>Ha recriminado el \u00abexceso del turismo y del ladrillo\u00bb, que nos expone a \u00abla violencia de los ciclos econ\u00f3micos\u00bb y ha achacado aspectos como ser una de las provincias con mayor abandono escolar, con un 28% de la poblaci\u00f3n en riesgo de exclusi\u00f3n o 119.000 personas en paro, como consecuencias de la infrafinanciaci\u00f3n.<\/p>  <p>Los datos, ha dicho, no son \u00abcomo para sentirse satisfecho, ni la sociedad civil alicantina aqu\u00ed representada, ni la Generalitat Valenciana aqu\u00ed representada, ni mucho menos el Gobierno de Espa\u00f1a, una vez m\u00e1s ausente\u00bb.<\/p>  <p>Tambi\u00e9n se ha preguntado c\u00f3mo se puede gobernar sin el parlamento y sin presupuestos, lo que a su juicio equivale a \u00abgobernar sin el pueblo\u00bb. <\/p>  <p>En la Comunitat Valenciana, ha subrayado que se ha pasado por \u00abun periodo convulso, en el que se anteponen las culpas a los ciudadanos; en el que el enfrentamiento se ha convertido en un fin en s\u00ed mismo\u00bb, una \u00abinestabilidad pol\u00edtica\u00bb que \u00abafecta directamente a nuestras empresas: sin un rumbo definido en las instituciones, es m\u00e1s dif\u00edcil invertir, crear empleo y planificar a futuro\u00bb.<\/p>  <p>\u00abAlicante sigue sufriendo un abandono inversor por parte del Estado que clama al cielo. Llevamos d\u00e9cadas ninguneados en los Presupuestos Generales del Estado y en la acci\u00f3n del Gobierno central. Cada pr\u00f3rroga de los presupuestos es un a\u00f1o m\u00e1s perdido para Alicante\u00bb, ha asegurado y ha a\u00f1adido: \u00abEstamos cansados de ser ciudadanos de segunda\u00bb.<\/p>  <p>El presidente de la C\u00e1mara se ha referido tambi\u00e9n a la reciente dimisi\u00f3n de Carlos Maz\u00f3n, \u00abtriste para m\u00ed por la amistad que nos une y la defensa de los intereses de Alicante que compartimos\u00bb. \u00abTodo ello unido a las circunstancias que la han rodeado y el dolor vivido por todos, especialmente por las v\u00edctimas, pero la desmesura y el ensa\u00f1amiento ha sido y sigue siendo inhumano\u00bb, ha sostenido, y ha considerado que \u00ablamentablemente, ninguna instituci\u00f3n de gobierno ha estado a la altura de las circunstancias tras la DANA\u00bb pero \u00abal menos, alguien ha tenido la valent\u00eda de echarse a un lado\u00bb.<\/p>  <p>\u00abMe queda confiar en que esta nueva etapa pol\u00edtica que se abre contin\u00fae con ese camino que el gobierno de Maz\u00f3n inici\u00f3 y que por fin Alicante sea tratada como lo que es y lo que merece\u00bb, ha a\u00f1adido, aunque ha advertido que \u00abla reconstrucci\u00f3n no puede convertirse en una excusa para demorar acciones pendientes en la provincia de Alicante\u00bb. \u00abAl contrario, debe ser una oportunidad para dinamizar la econom\u00eda, para ofrecer a las v\u00edctimas y afectados un entorno econ\u00f3mico pujante y cargado de oportunidades\u00bb, ha afirmado.<\/p>  <p>Ba\u00f1o ha aprovechado la velada para criticar \u00ablas zancadillas\u00bb puestas a la instituci\u00f3n que preside, en su intenci\u00f3n de ampliar su sede en Panoramis. Unas nuevas instalaciones que suponen la \u00ableg\u00edtima aspiraci\u00f3n de la C\u00e1mara de Alicante\u00bb, ha dicho, y no \u00abuna sede de postureo como algunos han querido contar\u00bb, ha se\u00f1alado.<\/p>  <p>En este sentido, ha mencionado que solo ha seguido las indicaciones que le han dado \u00aboficial y oficiosamente\u00bb Ayuntamiento y Puerto, en las numerosas reuniones mantenidas.<\/p>  <p>Y a\u00f1ade que mientras sea presidente de la C\u00e1mara no permitir\u00e1 que Alicante \u00abquede relegada\u00bb.<\/p>  <p>Ba\u00f1o tambi\u00e9n se ha dirigido al presidente del Sabadell, Josep Oliu, y ha mostrado su satisfacci\u00f3n por haber ganado la \u00abbatalla\u00bb de la OPA. \u00abAhora s\u00f3lo nos queda desear que el esp\u00edritu de la CAM siga vivo en el d\u00eda a d\u00eda del Sabadell y que nunca se olvide que aqu\u00ed os acogimos con los brazos abiertos cuando nos necesitasteis\u00bb, ha comentado.<\/p>  <p>Por su parte, la vicepresidenta primera y consellera de Servicios Sociales, Igualdad y Vivienda, Susana Camarero, que ha intervenido en el acto como m\u00e1xima representante del Consell, ha subrayado \u00abel esfuerzo, la excelencia y la capacidad de avance y superaci\u00f3n\u00bb del tejido empresarial alicantino, y ha destacado la labor del Consell para generar un \u00abentorno propicio\u00bb para la inversi\u00f3n y el crecimiento.<\/p>  <p>En su intervenci\u00f3n, Camarero ha destacado la \u00abhumanidad, la empat\u00eda y la solidaridad\u00bb que el tejido empresarial de Alicante demostr\u00f3 tras la riada del pasado a\u00f1o en Valencia, y ha roto de nuevo una lanza a favor de Maz\u00f3n para anunciar que el Consell \u00abseguir\u00e1 esta direcci\u00f3n\u00bb.<\/p>  <p>En este sentido, ha defendido las \u00abrebajas fiscales, simplificaci\u00f3n burocr\u00e1tica y apoyo a las empresas\u00bb, y la necesidad de garantizar inversiones estrat\u00e9gicas como el Corredor Mediterr\u00e1neo, la ampliaci\u00f3n de los aeropuertos, la mejora de las infraestructuras h\u00eddricas y \u00absolucionar el lastre\u00bb de la financiaci\u00f3n auton\u00f3mica.<\/p>  <p>La C\u00e1mara de Comercio de Alicante ha entregado adem\u00e1s los Premios 2024 a seis empresas de la provincia. En la categor\u00eda de Comercio, el premio ha reca\u00eddo en Bardisa; Internacionalizaci\u00f3n, a Suchiar de Santa Pola; Industria, para Aiscan de Biar; en Innovaci\u00f3n Empresarial, para Avincis Aviation de Mutxamel; Turismo, a CDV de Alicante y Propiedad Intelectual ha reca\u00eddo en la empresa Borrell, de D\u00e9nia.<\/p> ","protected":false},"excerpt":{"rendered":"<p>El presidente de la C\u00e1mara de Comercio de Alicante carga contra el \u00abninguneo\u00bb a Alicante en los PGE<\/p>\n","protected":false},"author":0,"featured_media":20126,"comment_status":"","ping_status":"open","sticky":false,"template":"","format":"standard","meta":{"_acf_changed":false,"footnotes":""},"categories":[1],"tags":[],"class_list":["post-20125","post","type-post","status-publish","format-standard","has-post-thumbnail","hentry","category-sin-categoria"],"acf":{"ser_id":"V3KPH5C3QNDZNKGOZ34VCGAJ3U","ser_url":"https:\/\/cadenaser.com\/comunitat-valenciana\/2025\/11\/20\/bano-alaba-a-mazon-en-la-noche-de-la-economia-alicantina-ha-tenido-la-valentia-de-echarse-a-un-lado-radio-alicante\/"},"_links":{"self":[{"href":"https:\/\/serbenidorm.daliisolutions.com\/index.php\/wp-json\/wp\/v2\/posts\/20125","targetHints":{"allow":["GET"]}}],"collection":[{"href":"https:\/\/serbenidorm.daliisolutions.com\/index.php\/wp-json\/wp\/v2\/posts"}],"about":[{"href":"https:\/\/serbenidorm.daliisolutions.com\/index.php\/wp-json\/wp\/v2\/types\/post"}],"replies":[{"embeddable":true,"href":"https:\/\/serbenidorm.daliisolutions.com\/index.php\/wp-json\/wp\/v2\/comments?post=20125"}],"version-history":[{"count":0,"href":"https:\/\/serbenidorm.daliisolutions.com\/index.php\/wp-json\/wp\/v2\/posts\/20125\/revisions"}],"wp:featuredmedia":[{"embeddable":true,"href":"https:\/\/serbenidorm.daliisolutions.com\/index.php\/wp-json\/wp\/v2\/media\/20126"}],"wp:attachment":[{"href":"https:\/\/serbenidorm.daliisolutions.com\/index.php\/wp-json\/wp\/v2\/media?parent=20125"}],"wp:term":[{"taxonomy":"category","embeddable":true,"href":"https:\/\/serbenidorm.daliisolutions.com\/index.php\/wp-json\/wp\/v2\/categories?post=20125"},{"taxonomy":"post_tag","embeddable":true,"href":"https:\/\/serbenidorm.daliisolutions.com\/index.php\/wp-json\/wp\/v2\/tags?post=20125"}],"curies":[{"name":"wp","href":"https:\/\/api.w.org\/{rel}","templated":true}]}}