{"id":20127,"date":"2025-11-21T12:37:35","date_gmt":"2025-11-21T11:37:35","guid":{"rendered":"https:\/\/serbenidorm.daliisolutions.com\/index.php\/2025\/11\/21\/felipe-orts-arranca-una-copa-del-mundo-que-se-vera-en-abierto-por-teledeporte\/"},"modified":"2025-11-21T12:37:35","modified_gmt":"2025-11-21T11:37:35","slug":"felipe-orts-arranca-una-copa-del-mundo-que-se-vera-en-abierto-por-teledeporte","status":"publish","type":"post","link":"https:\/\/serbenidorm.daliisolutions.com\/index.php\/2025\/11\/21\/felipe-orts-arranca-una-copa-del-mundo-que-se-vera-en-abierto-por-teledeporte\/","title":{"rendered":"Felipe Orts arranca una Copa del Mundo que se ver\u00e1 en abierto por Teledeporte"},"content":{"rendered":" <p>La localidad checa de T\u00e1bor acoge este fin de semana, con la presencia del vilero Felipe Orts, la primera de las doce citas puntuables que en esta temporada 2025-2026 compondr\u00e1n una Copa del Mundo de Ciclocross en la que los parques de El Moralet y Foietes de Benidorm volver\u00e1n a acoger, el pr\u00f3ximo d\u00eda 18 de enero, la \u00fanica parada espa\u00f1ola del torneo m\u00e1s importante y prestigioso del calendario internacional.<\/p>  <p>La Copa del Mundo de Ciclocross que ahora arranca y a la que Orts llega con sensaciones encontradas tras un mal fin de semana en Koppenberg y Lokeren y una mucho mejor racha en el Campeonato de Europa, Niel y Hamme; podr\u00e1 ser seguida en directo y en abierto gracias a la cobertura que de la misma realizar\u00e1 el canal tem\u00e1tico deportivo de Radio Televisi\u00f3n Espa\u00f1ola, Teledeporte y RTVE Play.<\/p>  <p>Con los comentarios del periodista especializado Josu\u00e9 Elena, habitual en el equipo que TVE desplaza a las grandes citas ciclistas de cada temporada, acompa\u00f1ado de voces y rostros muy familiares de la especialidad invernal del ciclismo (entre los que estar\u00e1 el director de SER Deportivos Marina Baixa, Nico Van Looy), el ciclocross regresa a la televisi\u00f3n en abierto en Espa\u00f1a para seguir haciendo crecer este deporte en nuestro pa\u00eds.<\/p>  <p>De esta manera, la de Benidorm ya no ser\u00e1 la \u00fanica prueba de la Copa del Mundo que los espectadores del canal tem\u00e1tico de RTVE puedan ver en directo como sucediera en temporadas anteriores. Una prueba que, por supuesto, volver\u00e1 a formar parte de esas retransmisiones aunque para ello habr\u00e1 que esperar todav\u00eda hasta el pr\u00f3ximo 18 de enero.<\/p> ","protected":false},"excerpt":{"rendered":"<p>Benidorm acoger\u00e1 el d\u00eda 18 de enero una de las citas clave del torneo m\u00e1s importante del ciclismo invernal<\/p>\n","protected":false},"author":0,"featured_media":20128,"comment_status":"","ping_status":"open","sticky":false,"template":"","format":"standard","meta":{"_acf_changed":false,"footnotes":""},"categories":[16],"tags":[],"class_list":["post-20127","post","type-post","status-publish","format-standard","has-post-thumbnail","hentry","category-deportes"],"acf":{"ser_id":"4HMESWO6N5DSXGZ343WEH5IUYU","ser_url":"https:\/\/cadenaser.com\/comunitat-valenciana\/2025\/11\/21\/felipe-orts-arranca-una-copa-del-mundo-que-se-vera-en-abierto-por-teledeporte-radio-benidorm\/"},"_links":{"self":[{"href":"https:\/\/serbenidorm.daliisolutions.com\/index.php\/wp-json\/wp\/v2\/posts\/20127","targetHints":{"allow":["GET"]}}],"collection":[{"href":"https:\/\/serbenidorm.daliisolutions.com\/index.php\/wp-json\/wp\/v2\/posts"}],"about":[{"href":"https:\/\/serbenidorm.daliisolutions.com\/index.php\/wp-json\/wp\/v2\/types\/post"}],"replies":[{"embeddable":true,"href":"https:\/\/serbenidorm.daliisolutions.com\/index.php\/wp-json\/wp\/v2\/comments?post=20127"}],"version-history":[{"count":0,"href":"https:\/\/serbenidorm.daliisolutions.com\/index.php\/wp-json\/wp\/v2\/posts\/20127\/revisions"}],"wp:featuredmedia":[{"embeddable":true,"href":"https:\/\/serbenidorm.daliisolutions.com\/index.php\/wp-json\/wp\/v2\/media\/20128"}],"wp:attachment":[{"href":"https:\/\/serbenidorm.daliisolutions.com\/index.php\/wp-json\/wp\/v2\/media?parent=20127"}],"wp:term":[{"taxonomy":"category","embeddable":true,"href":"https:\/\/serbenidorm.daliisolutions.com\/index.php\/wp-json\/wp\/v2\/categories?post=20127"},{"taxonomy":"post_tag","embeddable":true,"href":"https:\/\/serbenidorm.daliisolutions.com\/index.php\/wp-json\/wp\/v2\/tags?post=20127"}],"curies":[{"name":"wp","href":"https:\/\/api.w.org\/{rel}","templated":true}]}}