{"id":2013,"date":"2024-02-05T09:58:18","date_gmt":"2024-02-05T08:58:18","guid":{"rendered":"https:\/\/serbenidorm.daliisolutions.com\/index.php\/2024\/02\/05\/nebulossa-gana-el-benidorm-fest-y-representara-a-espana-en-eurovision-2024-en-malmo-suecia-con-zorra\/"},"modified":"2024-02-05T09:58:18","modified_gmt":"2024-02-05T08:58:18","slug":"nebulossa-gana-el-benidorm-fest-y-representara-a-espana-en-eurovision-2024-en-malmo-suecia-con-zorra","status":"publish","type":"post","link":"https:\/\/serbenidorm.daliisolutions.com\/index.php\/2024\/02\/05\/nebulossa-gana-el-benidorm-fest-y-representara-a-espana-en-eurovision-2024-en-malmo-suecia-con-zorra\/","title":{"rendered":"Nebulossa gana el Benidorm Fest y representar\u00e1 a Espa\u00f1a en Eurovisi\u00f3n 2024 en Malm\u00f6 (Suecia) con &#8216;Zorra&#8217;"},"content":{"rendered":"  <p>Benidorm<\/p>   <p>Espa\u00f1a ya tiene representante en Eurovisi\u00f3n 2024: <a href=\"https:\/\/cadenaser.com\/comunitat-valenciana\/2024\/02\/03\/benidorm-fest-2024-gran-final-en-directo-ultima-hora-de-las-actuaciones-de-los-aspirantes-a-representar-a-espana-en-eurovision-radio-benidorm\/\" target=\"_blank\" rel=\"noopener\">Nebulossa ha ganado este s\u00e1bado el Benidorm Fest <\/a>sumando 156 puntos entre el jurado profesional y el p\u00fablico. La canci\u00f3n &#8216;Zorra&#8217; viajar\u00e1 hasta Malm\u00f6 (Suecia) para intentar alzarse con el micr\u00f3fono de cristal y traer la pr\u00f3xima edici\u00f3n del festival europeo de la canci\u00f3n.<\/p>   <p><p>M\u00e1s informaci\u00f3n<\/p><ul><li><a href=\"https:\/\/cadenaser.com\/nacional\/2024\/01\/31\/tve-se-pronuncia-sobre-uno-de-los-grandes-fallos-del-benidorm-fest-2024-trataremos-por-todos-los-medios-que-no-vuelva-a-ocurrir-cadena-ser\/\">TVE se pronuncia sobre uno de los grandes fallos del Benidorm Fest 2024: \u00abTrataremos por todos los medios que no vuelva a ocurrir\u00bb<\/a><\/li><li><a href=\"https:\/\/cadenaser.com\/nacional\/2024\/02\/02\/los-mejores-memes-de-la-segunda-semifinal-del-benidorm-fest-de-la-ducha-caliente-de-jorge-fernandez-a-las-bailarinas-de-st-pedro-cadena-ser\/\">Los mejores memes de la segunda semifinal del Benidorm Fest: de la ducha caliente de Jorge Gonz\u00e1lez a las bailarinas de St. Pedro<\/a><\/li><\/ul><\/p>   <p>Una gala de infarto que se ha visto empa\u00f1ada por un fallo t\u00e9cnico en los &#8216;visuals&#8217; de Alm\u00e1cor y que ha desembocado en una lluvia de abucheos a RTVE y gritos para que pudiese repetirla. Ruth Lorenzo se ha limitado a pedir disculpas en nombre del ente p\u00fablico y ha pedido que \u00abespera\u00bb que \u00abno penalice\u00bb a su puntuaci\u00f3n.<\/p>   <p>En segundo lugar ha quedado st. Pedro y &#8216;Dos extra\u00f1os&#8217;, con 139 puntos. Angy Fern\u00e1ndez, Jorge Gonz\u00e1lez y Alm\u00e1cor acaban de completar el ranking de campeones de esta final del Benidorm Fest. Por primera vez en las tres ediciones del Benidorm Fest, el jurado ha empatado en su valoraci\u00f3n y ha otorgado 86 puntos tanto a Nebulossa como a st. Pedro, aunque el voto demosc\u00f3pico y el televoto ha terminado de rematar qui\u00e9n se alzaba con el trofeo.<\/p>   <p>Escrita por los dos integrantes de la banda, &#8216;Zorra&#8217; tiene el ritmo &#8216;synth-pop&#8217; que les caracteriza. RTVE define la canci\u00f3n como un \u00abviaje al pasado\u00bb \u2014concretamente, a los a\u00f1os 80\u2014 que se enfrenta \u00abde manera directa y con un elegante descaro\u00bb a toda actitud o discurso que pretenda cortar las alas a las mujeres.<\/p>   <p>Con el t\u00edtulo de la canci\u00f3n, que se repite a lo largo de toda la letra, Nebulossa busca la resignificaci\u00f3n de la propia palabra para darle un nuevo sentido al presente, interpretando un adjetivo que, en el pasado, fue estigmatizante desde una perspectiva actual y \u00abcon todo lo aprendido desde una sombra constante impuesta por un sistema que ya no se sostiene\u00bb.<\/p>   <p>As\u00ed ha sido la actuaci\u00f3n de Nebulossa en el Benidorm Fest que les ha hecho ganar el festival: vuelve a ver &#8216;Zorra&#8217;<\/p>   <p><\/p>   <p><\/p> ","protected":false},"excerpt":{"rendered":"<p>La suma de votos entre el jurado y p\u00fablico le han otorgado la victoria al d\u00fao valenciano, que ha interpretado &#8216;Zorra&#8217; sobre el escenario del Palau d&#8217;Esports L&#8217;Illa <\/p>\n","protected":false},"author":0,"featured_media":2014,"comment_status":"open","ping_status":"open","sticky":false,"template":"","format":"standard","meta":{"_acf_changed":false,"footnotes":""},"categories":[1],"tags":[],"class_list":["post-2013","post","type-post","status-publish","format-standard","has-post-thumbnail","hentry","category-sin-categoria"],"acf":{"ser_id":"L7CXQEA6EZDSZPC6ANW5EXQK6Y","ser_url":"https:\/\/cadenaser.com\/comunitat-valenciana\/2024\/02\/03\/nebulossa-gana-el-benidorm-fest-y-representara-a-espana-en-eurovision-2024-en-malmo-suecia-con-zorra-radio-benidorm\/"},"_links":{"self":[{"href":"https:\/\/serbenidorm.daliisolutions.com\/index.php\/wp-json\/wp\/v2\/posts\/2013","targetHints":{"allow":["GET"]}}],"collection":[{"href":"https:\/\/serbenidorm.daliisolutions.com\/index.php\/wp-json\/wp\/v2\/posts"}],"about":[{"href":"https:\/\/serbenidorm.daliisolutions.com\/index.php\/wp-json\/wp\/v2\/types\/post"}],"replies":[{"embeddable":true,"href":"https:\/\/serbenidorm.daliisolutions.com\/index.php\/wp-json\/wp\/v2\/comments?post=2013"}],"version-history":[{"count":0,"href":"https:\/\/serbenidorm.daliisolutions.com\/index.php\/wp-json\/wp\/v2\/posts\/2013\/revisions"}],"wp:featuredmedia":[{"embeddable":true,"href":"https:\/\/serbenidorm.daliisolutions.com\/index.php\/wp-json\/wp\/v2\/media\/2014"}],"wp:attachment":[{"href":"https:\/\/serbenidorm.daliisolutions.com\/index.php\/wp-json\/wp\/v2\/media?parent=2013"}],"wp:term":[{"taxonomy":"category","embeddable":true,"href":"https:\/\/serbenidorm.daliisolutions.com\/index.php\/wp-json\/wp\/v2\/categories?post=2013"},{"taxonomy":"post_tag","embeddable":true,"href":"https:\/\/serbenidorm.daliisolutions.com\/index.php\/wp-json\/wp\/v2\/tags?post=2013"}],"curies":[{"name":"wp","href":"https:\/\/api.w.org\/{rel}","templated":true}]}}