{"id":20131,"date":"2025-11-21T12:37:36","date_gmt":"2025-11-21T11:37:36","guid":{"rendered":"https:\/\/serbenidorm.daliisolutions.com\/index.php\/2025\/11\/21\/el-palau-se-viste-de-gala-para-el-primer-derbi-valenciano-de-la-superliga\/"},"modified":"2025-11-21T12:37:36","modified_gmt":"2025-11-21T11:37:36","slug":"el-palau-se-viste-de-gala-para-el-primer-derbi-valenciano-de-la-superliga","status":"publish","type":"post","link":"https:\/\/serbenidorm.daliisolutions.com\/index.php\/2025\/11\/21\/el-palau-se-viste-de-gala-para-el-primer-derbi-valenciano-de-la-superliga\/","title":{"rendered":"El Palau se viste de gala para el primer derbi valenciano de la Superliga"},"content":{"rendered":" <p>El Palau d\u2019Esports l\u2019Illa de Benidorm vivir\u00e1 este s\u00e1bado (12:00 horas) una nueva cita hist\u00f3rica de la mano del Servigroup Benidorm con la celebraci\u00f3n del primer derbi auton\u00f3mico de la Superliga masculina de voleibol. Un duelo que medir\u00e1 a los de Adriano Lamb con el Conqueridor Valencia y que supone la vuelta a casa de los benidormenses tras su primer desplazamiento del a\u00f1o.<\/p>  <p>En lo deportivo, el Servigroup Benidorm afronta esta quinta jornada de la competici\u00f3n liguera con la necesidad de puntuar tras haber sumado dos puntos de los doce disputados pese a la gran imagen dada en todos los choques ya disputados. <\/p>  <p>Por ello, las sensaciones del conjunto benidormense est\u00e1n siendo notablemente positivas tal y como demuestra el hecho de que el equipo ha logrado ganar al menos un set en los cuatro encuentros disputados y se anot\u00f3 la victoria ante Pamesa Teruel, exhibiendo un nivel competitivo que no se corresponde con la posici\u00f3n actual en la clasificaci\u00f3n.<\/p>  <p>El cuerpo t\u00e9cnico cuenta con la plantilla al completo y con el grupo trabajando con intensidad durante toda la semana en busca de dar un paso adelante en eficacia ofensiva y control de los momentos calientes del partido, aspectos que han marcado varios finales igualados.<\/p>  <p>El Conqueridor Valencia, dirigido por el italiano Emanuele Zanini, llega a Benidorm en un momento irregular, pero con un nivel de juego superior a lo que reflejan sus resultados. En la \u00faltima jornada, el conjunto valenciano cay\u00f3 por 2-3 ante el CV Melilla en el Pabell\u00f3n Nou Moles en un encuentro que pudo ganar<\/p>  <p>En la Superliga 2 femenina, el Servigroup Playas de Benidorm recibe este domingo (12:30 horas) en el Pabell\u00f3n Ra\u00fal Mesa al Universidad de Granada, un rival directo en la pelea que mantienen las de Noelia Santacreu por alcanzar, de una vez por todas, uno de los dos puestos que, en primera instancia, dan acceso a la disputa de la Copa de la Princesa y, a largo plazo, el play off de ascenso. <\/p>  <p>Las granadinas, terceras ahora en la tabla, suman s\u00f3lo un punto m\u00e1s que las benidormenses, por lo que si las locales saben hacer valer el \u2018factor cancha\u2019, podr\u00edan dar un importante salto adelante en sus aspiraciones.<\/p>  <p>Por su parte, el Camporrosso Finestrat recibe el domingo (12:30 horas) en el Pabell\u00f3n Municipal al Atarfe, colista y con s\u00f3lo dos puntos en su haber tras la disputa de las siete primeras jornadas. Ser\u00e1, por lo tanto, una buena oportunidad para que las de Eduardo Toranzo olviden el tropiezo sufrido hace una semana en Paterna y se afiancen en la zona tranquila de la clasificaci\u00f3n.<\/p> ","protected":false},"excerpt":{"rendered":"<p>El Servigroup Benidorm recibe el s\u00e1bado al Conqueridor Valencia en un choque hist\u00f3rico<\/p>\n","protected":false},"author":0,"featured_media":20132,"comment_status":"","ping_status":"open","sticky":false,"template":"","format":"standard","meta":{"_acf_changed":false,"footnotes":""},"categories":[16],"tags":[],"class_list":["post-20131","post","type-post","status-publish","format-standard","has-post-thumbnail","hentry","category-deportes"],"acf":{"ser_id":"HBXJ3KWZNFAR3DXCYKDDXJPEGY","ser_url":"https:\/\/cadenaser.com\/comunitat-valenciana\/2025\/11\/21\/el-palau-se-viste-de-gala-para-el-primer-derbi-valenciano-de-la-superliga-radio-benidorm\/"},"_links":{"self":[{"href":"https:\/\/serbenidorm.daliisolutions.com\/index.php\/wp-json\/wp\/v2\/posts\/20131","targetHints":{"allow":["GET"]}}],"collection":[{"href":"https:\/\/serbenidorm.daliisolutions.com\/index.php\/wp-json\/wp\/v2\/posts"}],"about":[{"href":"https:\/\/serbenidorm.daliisolutions.com\/index.php\/wp-json\/wp\/v2\/types\/post"}],"replies":[{"embeddable":true,"href":"https:\/\/serbenidorm.daliisolutions.com\/index.php\/wp-json\/wp\/v2\/comments?post=20131"}],"version-history":[{"count":0,"href":"https:\/\/serbenidorm.daliisolutions.com\/index.php\/wp-json\/wp\/v2\/posts\/20131\/revisions"}],"wp:featuredmedia":[{"embeddable":true,"href":"https:\/\/serbenidorm.daliisolutions.com\/index.php\/wp-json\/wp\/v2\/media\/20132"}],"wp:attachment":[{"href":"https:\/\/serbenidorm.daliisolutions.com\/index.php\/wp-json\/wp\/v2\/media?parent=20131"}],"wp:term":[{"taxonomy":"category","embeddable":true,"href":"https:\/\/serbenidorm.daliisolutions.com\/index.php\/wp-json\/wp\/v2\/categories?post=20131"},{"taxonomy":"post_tag","embeddable":true,"href":"https:\/\/serbenidorm.daliisolutions.com\/index.php\/wp-json\/wp\/v2\/tags?post=20131"}],"curies":[{"name":"wp","href":"https:\/\/api.w.org\/{rel}","templated":true}]}}