{"id":20133,"date":"2025-11-21T13:29:33","date_gmt":"2025-11-21T12:29:33","guid":{"rendered":"https:\/\/serbenidorm.daliisolutions.com\/index.php\/2025\/11\/21\/condenan-a-un-policia-local-de-villajoyosa-por-agredir-a-un-peaton-que-le-recrimino-como-dirigia-el-trafico\/"},"modified":"2025-11-21T13:29:33","modified_gmt":"2025-11-21T12:29:33","slug":"condenan-a-un-policia-local-de-villajoyosa-por-agredir-a-un-peaton-que-le-recrimino-como-dirigia-el-trafico","status":"publish","type":"post","link":"https:\/\/serbenidorm.daliisolutions.com\/index.php\/2025\/11\/21\/condenan-a-un-policia-local-de-villajoyosa-por-agredir-a-un-peaton-que-le-recrimino-como-dirigia-el-trafico\/","title":{"rendered":"Condenan a un Polic\u00eda Local de Villajoyosa por agredir a un peat\u00f3n que le recrimin\u00f3 c\u00f3mo dirig\u00eda el tr\u00e1fico"},"content":{"rendered":" <p>Un agente de polic\u00eda local de Villajoyosa ha sido condenado a pena de seis meses de multa, con cuota diaria de 6 euros, por lesionar a un hombre con el que hab\u00eda mantenido una discusi\u00f3n despu\u00e9s de que \u00e9ste le recriminase su forma inadecuada de regular el tr\u00e1fico.<\/p>  <p>Adem\u00e1s, la sentencia de la secci\u00f3n D\u00e9cima de la Audiencia Provincial de Alicante, a la que ha tenido acceso EFE, impone al polic\u00eda una indemnizaci\u00f3n de 4.980 euros a beneficio del viandante por los da\u00f1os ocasionados <a href=\"https:\/\/cadenaser.com\/tag\/benidorm\/a\/\" target=\"_blank\" rel=\"nofollow\" title=\"https:\/\/cadenaser.com\/tag\/benidorm\/a\/\">sobre las 14 horas del 6 de octubre de 2021 cuando el encausado regulaba el tr\u00e1fico en la avenida del Pa\u00eds Valenci\u00e0 de Villajoyosa<\/a>, un punto de gran afluencia de veh\u00edculos.<\/p>  <p>En ese momento, un viandante le profiri\u00f3: \u00abNo tienes ni puta idea de dirigir el tr\u00e1fico\u00bb, seg\u00fan sostuvo el polic\u00eda durante el juicio, lo que inici\u00f3 un cruce de reproches hasta que el peat\u00f3n decidi\u00f3 marcharse del lugar y el agente le sigui\u00f3 y le exigi\u00f3 que se identificara mostrando el DNI al tiempo que le cogi\u00f3 de la mu\u00f1eca izquierda y le retorci\u00f3 la articulaci\u00f3n. <\/p>  <p>El fallo refleja que el peat\u00f3n padec\u00eda una minusval\u00eda f\u00edsica del 65 por ciento, lo que le dificultaba sacar la documentaci\u00f3n, y tambi\u00e9n que a consecuencia de la presi\u00f3n ejercida por el agente sobre la mu\u00f1eca sufri\u00f3 un esguince a la altura del radio por el que requiri\u00f3 que se le colocase una f\u00e9rula de escayola, dentro de un proceso de recuperaci\u00f3n que dur\u00f3 49 d\u00edas.<\/p>  <p>El polic\u00eda aleg\u00f3 en la vista oral que cogi\u00f3 al perjudicado porque no atend\u00eda a su requerimiento y \u00e9ste le hab\u00eda faltado el respeto a un agente de la autoridad pero sostuvo que no le hab\u00eda cogida de la mu\u00f1eca sino del antebrazo.<\/p>  <p>El tribunal, no obstante, confiere credibilidad al relato del perjudicado y cree probada las lesiones a la vista de los informes m\u00e9dicos aportados en una sentencia recurrible en apelaci\u00f3n ante el Tribunal Superior de Justicia (TSJCV) en el plazo de diez d\u00edas. <\/p> ","protected":false},"excerpt":{"rendered":"<p>En la avenida Pa\u00eds Valenci\u00e0<\/p>\n","protected":false},"author":0,"featured_media":20134,"comment_status":"","ping_status":"open","sticky":false,"template":"","format":"standard","meta":{"_acf_changed":false,"footnotes":""},"categories":[1],"tags":[],"class_list":["post-20133","post","type-post","status-publish","format-standard","has-post-thumbnail","hentry","category-sin-categoria"],"acf":{"ser_id":"OJXYR5XTBVH37LPZ3LA3RXS4F4","ser_url":"https:\/\/cadenaser.com\/comunitat-valenciana\/2025\/11\/21\/condenan-a-un-policia-local-de-villajoyosa-por-agredir-a-un-peaton-que-le-recrimino-como-dirigia-el-trafico-radio-benidorm\/"},"_links":{"self":[{"href":"https:\/\/serbenidorm.daliisolutions.com\/index.php\/wp-json\/wp\/v2\/posts\/20133","targetHints":{"allow":["GET"]}}],"collection":[{"href":"https:\/\/serbenidorm.daliisolutions.com\/index.php\/wp-json\/wp\/v2\/posts"}],"about":[{"href":"https:\/\/serbenidorm.daliisolutions.com\/index.php\/wp-json\/wp\/v2\/types\/post"}],"replies":[{"embeddable":true,"href":"https:\/\/serbenidorm.daliisolutions.com\/index.php\/wp-json\/wp\/v2\/comments?post=20133"}],"version-history":[{"count":0,"href":"https:\/\/serbenidorm.daliisolutions.com\/index.php\/wp-json\/wp\/v2\/posts\/20133\/revisions"}],"wp:featuredmedia":[{"embeddable":true,"href":"https:\/\/serbenidorm.daliisolutions.com\/index.php\/wp-json\/wp\/v2\/media\/20134"}],"wp:attachment":[{"href":"https:\/\/serbenidorm.daliisolutions.com\/index.php\/wp-json\/wp\/v2\/media?parent=20133"}],"wp:term":[{"taxonomy":"category","embeddable":true,"href":"https:\/\/serbenidorm.daliisolutions.com\/index.php\/wp-json\/wp\/v2\/categories?post=20133"},{"taxonomy":"post_tag","embeddable":true,"href":"https:\/\/serbenidorm.daliisolutions.com\/index.php\/wp-json\/wp\/v2\/tags?post=20133"}],"curies":[{"name":"wp","href":"https:\/\/api.w.org\/{rel}","templated":true}]}}