{"id":20139,"date":"2025-11-21T13:51:29","date_gmt":"2025-11-21T12:51:29","guid":{"rendered":"https:\/\/serbenidorm.daliisolutions.com\/index.php\/2025\/11\/21\/corte-del-tram-entre-benidorm-y-villajoyosa-hasta-mitad-de-diciembre\/"},"modified":"2025-11-21T13:51:29","modified_gmt":"2025-11-21T12:51:29","slug":"corte-del-tram-entre-benidorm-y-villajoyosa-hasta-mitad-de-diciembre","status":"publish","type":"post","link":"https:\/\/serbenidorm.daliisolutions.com\/index.php\/2025\/11\/21\/corte-del-tram-entre-benidorm-y-villajoyosa-hasta-mitad-de-diciembre\/","title":{"rendered":"Corte del TRAM entre Benidorm y Villajoyosa hasta mitad de diciembre"},"content":{"rendered":" <p>La \u00faltima fase de las obras del proyecto de duplicaci\u00f3n de v\u00eda y electrificaci\u00f3n del tramo entre Hospital Vila y Benidorm obligan a Ferrocarrils de la Generalitat Valenciana (FGV) a interrumpir la circulaci\u00f3n ferroviaria y establecer servicio de autob\u00fas, desde el 24 de noviembre y hasta mediados de diciembre, entre estas dos estaciones de la L\u00ednea 1 (Luceros-Benidorm) de TRAM d\u2019Alacant.<\/p>  <p>La interrupci\u00f3n del servicio ferroviario se realiza como consecuencia de la fase previa a la finalizaci\u00f3n de las obras de duplicaci\u00f3n de v\u00eda y electrificaci\u00f3n que se ejecutan en este tramo, desde finales de 2024, y que concluir\u00e1n a finales de este mismo a\u00f1o.<\/p>  <p>Como alternativa, FGV ha dispuesto un servicio de autob\u00fas en este tramo con parada en <a href=\"https:\/\/cadenaser.com\/tag\/benidorm\/a\/\" target=\"_blank\" rel=\"nofollow\" title=\"https:\/\/cadenaser.com\/tag\/benidorm\/a\/\">Benidorm, Cala Finestrat, Hospital Vila, Costera Pastor y Creueta<\/a> que enlazar\u00e1 con el servicio ferroviario en circulaci\u00f3n, en las paradas de Creueta (direcci\u00f3n Luceros) y Benidorm (direcci\u00f3n D\u00e9nia). En el tramo afectado, \u00fanicamente quedar\u00e1 sin servicio de autob\u00fas el apeadero de Terra M\u00edtica.<\/p>  <p>Para m\u00e1s informaci\u00f3n sobre los servicios, los usuarios pueden consultar los horarios de paso, adem\u00e1s de en las estaciones y paradas de TRAM, en el tel\u00e9fono de informaci\u00f3n de Atenci\u00f3n al Cliente (900 72 04 72), as\u00ed como en la p\u00e1gina web www.tramalacant.es y la app oficial.<\/p> ","protected":false},"excerpt":{"rendered":"<p>Servicio de autob\u00fas entre las estaciones desde el Hospital Marina Baixa hasta la capital tur\u00edstica salvo la de Terra M\u00edtica<\/p>\n","protected":false},"author":0,"featured_media":20140,"comment_status":"","ping_status":"open","sticky":false,"template":"","format":"standard","meta":{"_acf_changed":false,"footnotes":""},"categories":[1],"tags":[],"class_list":["post-20139","post","type-post","status-publish","format-standard","has-post-thumbnail","hentry","category-sin-categoria"],"acf":{"ser_id":"WULFAAQTPBFKFNEEZZ7TJZ2S64","ser_url":"https:\/\/cadenaser.com\/comunitat-valenciana\/2025\/11\/21\/corte-del-tram-entre-benidorm-y-villajoyosa-hasta-mitad-de-diciembre-radio-benidorm\/"},"_links":{"self":[{"href":"https:\/\/serbenidorm.daliisolutions.com\/index.php\/wp-json\/wp\/v2\/posts\/20139","targetHints":{"allow":["GET"]}}],"collection":[{"href":"https:\/\/serbenidorm.daliisolutions.com\/index.php\/wp-json\/wp\/v2\/posts"}],"about":[{"href":"https:\/\/serbenidorm.daliisolutions.com\/index.php\/wp-json\/wp\/v2\/types\/post"}],"replies":[{"embeddable":true,"href":"https:\/\/serbenidorm.daliisolutions.com\/index.php\/wp-json\/wp\/v2\/comments?post=20139"}],"version-history":[{"count":0,"href":"https:\/\/serbenidorm.daliisolutions.com\/index.php\/wp-json\/wp\/v2\/posts\/20139\/revisions"}],"wp:featuredmedia":[{"embeddable":true,"href":"https:\/\/serbenidorm.daliisolutions.com\/index.php\/wp-json\/wp\/v2\/media\/20140"}],"wp:attachment":[{"href":"https:\/\/serbenidorm.daliisolutions.com\/index.php\/wp-json\/wp\/v2\/media?parent=20139"}],"wp:term":[{"taxonomy":"category","embeddable":true,"href":"https:\/\/serbenidorm.daliisolutions.com\/index.php\/wp-json\/wp\/v2\/categories?post=20139"},{"taxonomy":"post_tag","embeddable":true,"href":"https:\/\/serbenidorm.daliisolutions.com\/index.php\/wp-json\/wp\/v2\/tags?post=20139"}],"curies":[{"name":"wp","href":"https:\/\/api.w.org\/{rel}","templated":true}]}}