{"id":20142,"date":"2025-11-21T14:34:38","date_gmt":"2025-11-21T13:34:38","guid":{"rendered":"https:\/\/serbenidorm.daliisolutions.com\/index.php\/2025\/11\/21\/la-benidorm-half-se-consolida-como-la-prueba-reina-del-atletismo-popular-alicantino\/"},"modified":"2025-11-21T14:34:38","modified_gmt":"2025-11-21T13:34:38","slug":"la-benidorm-half-se-consolida-como-la-prueba-reina-del-atletismo-popular-alicantino","status":"publish","type":"post","link":"https:\/\/serbenidorm.daliisolutions.com\/index.php\/2025\/11\/21\/la-benidorm-half-se-consolida-como-la-prueba-reina-del-atletismo-popular-alicantino\/","title":{"rendered":"La Benidorm Half se consolida como la prueba reina del atletismo popular alicantino"},"content":{"rendered":" <p>La Benidorm Half 2025 ya puede presumir de una edici\u00f3n hist\u00f3rica incluso antes de su celebraci\u00f3n. La carrera, que tendr\u00e1 lugar el pr\u00f3ximo s\u00e1bado 22 de noviembre en formato vespertino-nocturno y que ofrece las distancias de Media Marat\u00f3n y 10K, ha pulverizado todos sus registros previos. En el acto oficial celebrado en el Hotel Meli\u00e1 Benidorm, la organizaci\u00f3n anunci\u00f3 que la prueba alcanza los 9.132 corredores inscritos, superando con holgura los 6.500 del a\u00f1o pasado, que ya representaban su mejor cifra hist\u00f3rica.<\/p>  <p>Pero el dato m\u00e1s llamativo, y casi \u00fanico en Espa\u00f1a, es que el 44,4% de los participantes proceder\u00e1n de Reino Unido, lo que convierte a Benidorm en un fen\u00f3meno internacional dentro de las carreras populares.<\/p>  <p>La presentaci\u00f3n cont\u00f3 con el concejal de Deportes, Javier Jord\u00e1, el director de la carrera, Fernando Brotons, el medallista ol\u00edmpico Ferm\u00edn Cacho, la campeona del 10K 2024 Mar\u00eda Fuentes y representantes de las marcas colaboradoras. Jord\u00e1 destac\u00f3 que la ciudad \u201cse vuelca un a\u00f1o m\u00e1s con el deporte y el running\u201d, subrayando la \u201cespectacularidad de un evento que ha encontrado en Benidorm su escenario natural\u201d.<\/p>  <p>Brotons, por su parte, puso en valor la progresi\u00f3n de la prueba desde que Tour-Sport Promociones Deportivas asumi\u00f3 la organizaci\u00f3n. \u201cHemos crecido edici\u00f3n tras edici\u00f3n, incluso tras la pandemia, y hoy superamos los nueve mil inscritos. Adem\u00e1s, este a\u00f1o el 50,5% de los corredores ser\u00e1 extranjero, lo que demuestra el poder de atracci\u00f3n internacional de Benidorm.\u201d<\/p>  <p>Con 37 pa\u00edses representados, la Benidorm Half se posiciona como una de las carreras m\u00e1s globales del panorama nacional. Tras Espa\u00f1a y Reino Unido destacan Irlanda (108 inscritos), Noruega (74), B\u00e9lgica (72), Pa\u00edses Bajos (72), Polonia (42) e Italia (38), entre otros.<\/p>  <p>De los 4.516 corredores espa\u00f1oles, la provincia de Alicante aporta 1.934 \u2014el 42% del total nacional\u2014, mientras que el resto procede de 46 provincias. Valencia (704), Madrid (463), Albacete (424) y Murcia (184) completan el top-5.<\/p>  <p>El impacto econ\u00f3mico que genera la Benidorm Half es uno de los grandes activos del evento. Seg\u00fan los datos extrapolados del estudio de la Universidad de Valencia sobre la edici\u00f3n 2024, cada corredor que llega de fuera se acompa\u00f1a de una media de 2,6 acompa\u00f1antes. As\u00ed, los 7.198 corredores procedentes de otros puntos de Espa\u00f1a y del extranjero generar\u00e1n la llegada de 25.912 visitantes a la ciudad, una cifra excepcional para el mes de noviembre.<\/p>  <p>El concejal Jord\u00e1 valor\u00f3 \u201cla enorme fidelidad del corredor extranjero, especialmente del brit\u00e1nico, que considera Benidorm un lugar perfecto para disfrutar del deporte, del clima y de la amplia oferta hotelera y de ocio disponible\u201d.<\/p>  <p>En cuanto a la distribuci\u00f3n por distancias, el 49,2% de los corredores competir\u00e1 en Media Marat\u00f3n, mientras que el 50,8% lo har\u00e1 en el 10K. La participaci\u00f3n femenina alcanza el 41,3%, con un equilibrio significativo en la prueba corta (49,7% mujeres y 50,3% hombres). En la Media Marat\u00f3n la participaci\u00f3n masculina se eleva al 67,8%.<\/p>  <p>Ambas distancias est\u00e1n homologadas por la Real Federaci\u00f3n Espa\u00f1ola de Atletismo (RFEA), lo que garantiza la validez oficial de los tiempos. La salida se ubicar\u00e1 en la Avenida Comunidad Valenciana (esquina Calle B\u00e9lgica) y la meta se situar\u00e1 en la Plaza de SS.MM. los Reyes de Espa\u00f1a, junto al Ayuntamiento de Benidorm.<\/p>  <p>El dispositivo previsto incluye asistencia sanitaria completa, numerosos voluntarios y puntos de animaci\u00f3n como el impulsado por Sprinter, elementos que contribuyen a reforzar una experiencia de corredor cada vez m\u00e1s cuidada y valorada.<\/p>  <p>La Benidorm Half 2025 confirma el auge del turismo deportivo en la ciudad y consolida noviembre como un mes estrat\u00e9gico para atraer visitantes de mercados clave, especialmente del Reino Unido. Su crecimiento sostenido y su proyecci\u00f3n internacional la sit\u00faan ya como la carrera m\u00e1s importante por n\u00famero de inscritos de toda la provincia de Alicante.<\/p>  <p>Con casi 26.000 visitantes previstos y un cartel de r\u00e9cord, Benidorm vuelve a demostrar que es un destino insuperable para eventos deportivos de gran formato.<\/p> ","protected":false},"excerpt":{"rendered":"<p>La cita crece un 40% en inscritos, re\u00fane a 37 pa\u00edses y consolida a Benidorm como destino l\u00edder de turismo deportivo<\/p>\n","protected":false},"author":0,"featured_media":20143,"comment_status":"","ping_status":"open","sticky":false,"template":"","format":"standard","meta":{"_acf_changed":false,"footnotes":""},"categories":[1],"tags":[],"class_list":["post-20142","post","type-post","status-publish","format-standard","has-post-thumbnail","hentry","category-sin-categoria"],"acf":{"ser_id":"K44K75Q6S5H2JBK55LMY3MYRUA","ser_url":"https:\/\/cadenaser.com\/comunitat-valenciana\/2025\/11\/21\/la-benidorm-half-se-consolida-como-la-prueba-reina-del-atletismo-popular-alicantino-radio-benidorm\/"},"_links":{"self":[{"href":"https:\/\/serbenidorm.daliisolutions.com\/index.php\/wp-json\/wp\/v2\/posts\/20142","targetHints":{"allow":["GET"]}}],"collection":[{"href":"https:\/\/serbenidorm.daliisolutions.com\/index.php\/wp-json\/wp\/v2\/posts"}],"about":[{"href":"https:\/\/serbenidorm.daliisolutions.com\/index.php\/wp-json\/wp\/v2\/types\/post"}],"replies":[{"embeddable":true,"href":"https:\/\/serbenidorm.daliisolutions.com\/index.php\/wp-json\/wp\/v2\/comments?post=20142"}],"version-history":[{"count":0,"href":"https:\/\/serbenidorm.daliisolutions.com\/index.php\/wp-json\/wp\/v2\/posts\/20142\/revisions"}],"wp:featuredmedia":[{"embeddable":true,"href":"https:\/\/serbenidorm.daliisolutions.com\/index.php\/wp-json\/wp\/v2\/media\/20143"}],"wp:attachment":[{"href":"https:\/\/serbenidorm.daliisolutions.com\/index.php\/wp-json\/wp\/v2\/media?parent=20142"}],"wp:term":[{"taxonomy":"category","embeddable":true,"href":"https:\/\/serbenidorm.daliisolutions.com\/index.php\/wp-json\/wp\/v2\/categories?post=20142"},{"taxonomy":"post_tag","embeddable":true,"href":"https:\/\/serbenidorm.daliisolutions.com\/index.php\/wp-json\/wp\/v2\/tags?post=20142"}],"curies":[{"name":"wp","href":"https:\/\/api.w.org\/{rel}","templated":true}]}}