{"id":2016,"date":"2024-02-05T11:01:15","date_gmt":"2024-02-05T10:01:15","guid":{"rendered":"https:\/\/serbenidorm.daliisolutions.com\/index.php\/2024\/02\/05\/el-servigroup-benidorm-se-reengancha-a-la-lucha-por-el-ascenso\/"},"modified":"2024-02-05T11:01:15","modified_gmt":"2024-02-05T10:01:15","slug":"el-servigroup-benidorm-se-reengancha-a-la-lucha-por-el-ascenso","status":"publish","type":"post","link":"https:\/\/serbenidorm.daliisolutions.com\/index.php\/2024\/02\/05\/el-servigroup-benidorm-se-reengancha-a-la-lucha-por-el-ascenso\/","title":{"rendered":"El Servigroup Benidorm se reengancha a la lucha por el ascenso"},"content":{"rendered":"  <p>Benidorm<\/p>   <p>En el deporte dos semanas pueden ser todo un mundo. Si no, que se lo cuenten a los chicos del <a href=\"https:\/\/cadenaser.com\/tag\/club_voleibol_playas_benidorm\/a\/\" target=\"_blank\" rel=\"noopener\">Servigroup Benidorm<\/a>, que retomaron la Superliga 2 de voleibol tras el par\u00f3n invernal con una derrota ante Almer\u00eda que parec\u00eda enterrar buena parte de sus opciones de alcanzar la fase de ascenso a la m\u00e1xima categor\u00eda y que ahora, tras <a href=\"https:\/\/cadenaser.com\/comunitat-valenciana\/2024\/01\/29\/el-servigroup-benidorm-se-da-un-festin-a-costa-del-lider-radio-benidorm\/\" target=\"_blank\" rel=\"noopener\">dar la campanada siendo el primer equipo en vencer esta temporada al Legan\u00e9s<\/a> y de confirmar ese buen momento imponi\u00e9ndose al V\u00f3ley Playa Madrid, vuelve a ser se\u00f1alado como uno de los claros aspirantes a esa segunda plaza que marca la frontera de la pelea por el ascenso.<\/p>   <p>Los de Adriano Lamb no dieron este domingo a los madrile\u00f1os, a los que se impusieron por un clar\u00edsimo 0-3 y parciales de 18-25, 23-25 y 21-25 para sumar los tres puntos y escalar un puesto en la clasificaci\u00f3n para situarse en la tercera plaza a s\u00f3lo cuatro puntos de Utrera, el equipo que a falta de ocho jornadas para el final de la fase regular, marca el acceso a la fase de ascenso.<\/p>  <p><p>M\u00e1s informaci\u00f3n<\/p><figure><img decoding=\"async\" src=\"https:\/\/cadenaser.com\/resizer\/0M-C4_pTXTv1GMfGzMh0f5XAFQc=\/650x366\/filters:quality(70)\/cloudfront-eu-central-1.images.arcpublishing.com\/prisaradio\/YUBMOAN6EBEOPMMW275ZTC5YCM.JPG\" loading=\"lazy\" width=\"828\" height=\"621\" \/><\/figure><ul><li><a href=\"https:\/\/cadenaser.com\/comunitat-valenciana\/2023\/09\/21\/todos-los-partidos-los-horarios-y-los-resultados-del-voleibol-2023-2024-radio-benidorm\/\">Todos los partidos, los horarios y los resultados del voleibol 2023-2024<\/a><\/li><\/ul><\/p>   <p>El partido disputado el domingo en Vallecas, apenas tuvo historia y estuvo claramente dominado en todo momento por un Servigroup Benidorm que, seguramente, podr\u00eda haber resuelto el choque con m\u00e1s solvencia, pero que aprovech\u00f3 la buena din\u00e1mica vivida a lo largo de los tres sets para realizar rotaciones y dar minutos a los menos habituales.<\/p>   <p><b>El HolaCV-Benidorm ya no depende de s\u00ed mismo<\/b><\/p>   <p>Muy distintas fueron las cosas para el <a href=\"https:\/\/cadenaser.com\/tag\/club_voleibol_playas_benidorm\/a\/\" target=\"_blank\" rel=\"noopener\">HolaCV-Benidorm<\/a>, que fue claramente superado el s\u00e1bado en su visita a la cancha del Gu\u00eda canario, que se impuso a las de Nacho Madaleno por 3-0 y parciales de 26-24, 25-20 y 25-18 que hunde a las del Pabell\u00f3n Ra\u00fal Mesa hasta la cuarta posici\u00f3n y a siete puntos ya de la segunda plaza que ahora ocupa el Madrid Chamber\u00ed y a ocho del l\u00edder, precisamente, el Gu\u00eda, que cuenta con un partido m\u00e1s despu\u00e9s de haber afrontado este mismo fin de semana un doble compromiso.<\/p>   <p>M\u00e1s all\u00e1 de la diferencia de puntos, que ya es grande, la peor noticia que deja esta derrota para el HolaCV-Benidorm es que el equipo femenino del Club Voleibol Playas de Benidorm ya no depende \u00fanicamente de s\u00ed mismo para alcanzar, por segundo a\u00f1o consecutivo, la fase de ascenso a la Superliga Iberdrola, la m\u00e1xima categor\u00eda del <a href=\"https:\/\/cadenaser.com\/tag\/voleibol_femenino\/a\/\" target=\"_blank\" rel=\"noopener\">voleibol femenino<\/a> espa\u00f1ol.<\/p>   <p>Las de Madaleno ya no tienen absolutamente ning\u00fan margen de error en las ocho jornadas que restan hasta el final de la competici\u00f3n y se ven obligadas a sumar de tres en tres y, adem\u00e1s, esperar que Gu\u00eda, Chamber\u00ed y Cartagena sufran, al menos, dos tropiezos imprevistos, algo que, viendo c\u00f3mo se ha venido desarrollando la competici\u00f3n hasta ahora, parece muy complicado que suceda.<\/p>   <p>Tampoco tuvo suerte el Medsur-Finestrat en el partido disputado ayer domingo en casa ante el Madrid Chamber\u00ed. Las finestratenses, eso s\u00ed, se colocaron por delante en el marcador al llevarse el primer set por 25-23, pero se hundieron en el segundo, que cay\u00f3 del lado madrile\u00f1o por un contundente 11-25 que sirvi\u00f3 para iniciar la remontada que termin\u00f3 con el 1-3 definitivo (25-23, 11-25, 18-25 y 23-25).<\/p> ","protected":false},"excerpt":{"rendered":"<p>El HolaCV-Benidorm se vuelve de vac\u00edo de Canarias y ya no depende de s\u00ed mismo<\/p>\n","protected":false},"author":0,"featured_media":2017,"comment_status":"open","ping_status":"open","sticky":false,"template":"","format":"standard","meta":{"_acf_changed":false,"footnotes":""},"categories":[16],"tags":[],"class_list":["post-2016","post","type-post","status-publish","format-standard","has-post-thumbnail","hentry","category-deportes"],"acf":{"ser_id":"DFAF5SWCY5GKVE36OSCQFJZOVM","ser_url":"https:\/\/cadenaser.com\/comunitat-valenciana\/2024\/02\/05\/el-servigroup-benidorm-se-reengancha-a-la-lucha-por-el-ascenso-radio-benidorm\/"},"_links":{"self":[{"href":"https:\/\/serbenidorm.daliisolutions.com\/index.php\/wp-json\/wp\/v2\/posts\/2016","targetHints":{"allow":["GET"]}}],"collection":[{"href":"https:\/\/serbenidorm.daliisolutions.com\/index.php\/wp-json\/wp\/v2\/posts"}],"about":[{"href":"https:\/\/serbenidorm.daliisolutions.com\/index.php\/wp-json\/wp\/v2\/types\/post"}],"replies":[{"embeddable":true,"href":"https:\/\/serbenidorm.daliisolutions.com\/index.php\/wp-json\/wp\/v2\/comments?post=2016"}],"version-history":[{"count":0,"href":"https:\/\/serbenidorm.daliisolutions.com\/index.php\/wp-json\/wp\/v2\/posts\/2016\/revisions"}],"wp:featuredmedia":[{"embeddable":true,"href":"https:\/\/serbenidorm.daliisolutions.com\/index.php\/wp-json\/wp\/v2\/media\/2017"}],"wp:attachment":[{"href":"https:\/\/serbenidorm.daliisolutions.com\/index.php\/wp-json\/wp\/v2\/media?parent=2016"}],"wp:term":[{"taxonomy":"category","embeddable":true,"href":"https:\/\/serbenidorm.daliisolutions.com\/index.php\/wp-json\/wp\/v2\/categories?post=2016"},{"taxonomy":"post_tag","embeddable":true,"href":"https:\/\/serbenidorm.daliisolutions.com\/index.php\/wp-json\/wp\/v2\/tags?post=2016"}],"curies":[{"name":"wp","href":"https:\/\/api.w.org\/{rel}","templated":true}]}}