{"id":20180,"date":"2025-11-23T20:28:16","date_gmt":"2025-11-23T19:28:16","guid":{"rendered":"https:\/\/serbenidorm.daliisolutions.com\/index.php\/2025\/11\/23\/el-benidorm-vuelve-al-liderato-y-la-nucia-se-asoma-al-abismo\/"},"modified":"2025-11-23T20:28:16","modified_gmt":"2025-11-23T19:28:16","slug":"el-benidorm-vuelve-al-liderato-y-la-nucia-se-asoma-al-abismo","status":"publish","type":"post","link":"https:\/\/serbenidorm.daliisolutions.com\/index.php\/2025\/11\/23\/el-benidorm-vuelve-al-liderato-y-la-nucia-se-asoma-al-abismo\/","title":{"rendered":"El Benidorm vuelve al liderato y La Nuc\u00eda se asoma al abismo"},"content":{"rendered":" <p>La fr\u00eda ma\u00f1ana del pen\u00faltimo domingo de noviembre, en plena resaca de la multitudinaria Benidorm Half y con las competiciones, al menos en apariencia, encamin\u00e1ndose de forma anodina hacia el par\u00f3n navide\u00f1o, permiti\u00f3 al C.F. Benidorm volver al liderato perdido s\u00f3lo siete d\u00edas antes gracias al triunfo conseguido en el Guillermo Amor ante el Torrevieja por 2-0.<\/p>  <p>Y todo ello, como perfecto fin de fiesta de un d\u00eda marcado por la presentaci\u00f3n de todos los equipos de la base del club que, tras ser los protagonistas absolutos del c\u00e9sped que tantos ni\u00f1os sue\u00f1an con pisar alg\u00fan d\u00eda formando parte del primer equipo; dio paso a ese recital de los de Javier Vidales, que vuelven a ser l\u00edderes de su grupo en la Lliga Comunitat ahora con dos puntos de ventaja sobre el Independiente Alicante y ya cuatro por encima del Torrevieja.<\/p>  <p>Muy distintas, una semana m\u00e1s, fueron las sensaciones en el Camilo Cano. All\u00ed, La Nuc\u00eda sum\u00f3 su octava jornada consecutiva sin ganar y su tercera derrota en ese mismo periodo de tiempo.<\/p>  <p>Tras la derrota por 0-2 frente al Castellonense, los de Vicente Mir se quedan a s\u00f3lo dos puntos del descenso tras bajar a la decimosegunda posici\u00f3n y a nueve puntos ya de la zona de promoci\u00f3n de ascenso, un objetivo que, al menos a d\u00eda de hoy, parece ya m\u00e1s una enso\u00f1aci\u00f3n de principios de temporada que una meta real y alcanzable.<\/p> ","protected":false},"excerpt":{"rendered":"<p>Los del Guillermo Amor redondearon con triunfo la gran fiesta de la base del club<\/p>\n","protected":false},"author":0,"featured_media":20181,"comment_status":"","ping_status":"open","sticky":false,"template":"","format":"standard","meta":{"_acf_changed":false,"footnotes":""},"categories":[16],"tags":[],"class_list":["post-20180","post","type-post","status-publish","format-standard","has-post-thumbnail","hentry","category-deportes"],"acf":{"ser_id":"3DWPLRJJQVDYNAL7NQF533JTHE","ser_url":"https:\/\/cadenaser.com\/comunitat-valenciana\/2025\/11\/23\/el-benidorm-vuelve-al-liderato-y-la-nucia-se-asoma-al-abismo-radio-benidorm\/"},"_links":{"self":[{"href":"https:\/\/serbenidorm.daliisolutions.com\/index.php\/wp-json\/wp\/v2\/posts\/20180","targetHints":{"allow":["GET"]}}],"collection":[{"href":"https:\/\/serbenidorm.daliisolutions.com\/index.php\/wp-json\/wp\/v2\/posts"}],"about":[{"href":"https:\/\/serbenidorm.daliisolutions.com\/index.php\/wp-json\/wp\/v2\/types\/post"}],"replies":[{"embeddable":true,"href":"https:\/\/serbenidorm.daliisolutions.com\/index.php\/wp-json\/wp\/v2\/comments?post=20180"}],"version-history":[{"count":0,"href":"https:\/\/serbenidorm.daliisolutions.com\/index.php\/wp-json\/wp\/v2\/posts\/20180\/revisions"}],"wp:featuredmedia":[{"embeddable":true,"href":"https:\/\/serbenidorm.daliisolutions.com\/index.php\/wp-json\/wp\/v2\/media\/20181"}],"wp:attachment":[{"href":"https:\/\/serbenidorm.daliisolutions.com\/index.php\/wp-json\/wp\/v2\/media?parent=20180"}],"wp:term":[{"taxonomy":"category","embeddable":true,"href":"https:\/\/serbenidorm.daliisolutions.com\/index.php\/wp-json\/wp\/v2\/categories?post=20180"},{"taxonomy":"post_tag","embeddable":true,"href":"https:\/\/serbenidorm.daliisolutions.com\/index.php\/wp-json\/wp\/v2\/tags?post=20180"}],"curies":[{"name":"wp","href":"https:\/\/api.w.org\/{rel}","templated":true}]}}