{"id":20182,"date":"2025-11-23T20:36:02","date_gmt":"2025-11-23T19:36:02","guid":{"rendered":"https:\/\/serbenidorm.daliisolutions.com\/index.php\/2025\/11\/23\/el-huesitos-la-vila-enciende-el-congelado-domingo-de-hernani\/"},"modified":"2025-11-23T20:36:02","modified_gmt":"2025-11-23T19:36:02","slug":"el-huesitos-la-vila-enciende-el-congelado-domingo-de-hernani","status":"publish","type":"post","link":"https:\/\/serbenidorm.daliisolutions.com\/index.php\/2025\/11\/23\/el-huesitos-la-vila-enciende-el-congelado-domingo-de-hernani\/","title":{"rendered":"El Huesitos-La Vila enciende el congelado domingo de Hernani"},"content":{"rendered":" <p>Sab\u00eda el Huesitos-La Vila que lo iba a pasar mal en Hernani. Sab\u00eda el equipo del Pantano que, pese a la diferencia de categor\u00eda respecto de su primer rival en la presente y renovada edici\u00f3n de la Copa del Rey, las complicadas condiciones climatol\u00f3gicas iban a igualar mucho las cosas entre ambos. Lo que seguramente no sab\u00edan los pupilos de Hern\u00e1n \u2018Falu\u2019 Quirelli, sus rivales ni el p\u00fablico vasco es que ese primer partido de la competici\u00f3n del KO iba a deparar un festival ofensivo como el visto en el Landare Toki.<\/p>  <p>Finalmente, y no sin haberse llevado un par de sustos importantes a lo largo del choque, fue el Huesitos-La Vila el que supo alzarse con el triunfo (40-50) y, con los cuatro puntos sumados, situarse en segunda posici\u00f3n de una liguilla en la que el Ciencias es primero (cinco puntos) y en la que El Salvador, que descansaba este fin de semana, todav\u00eda no ha puntuado.<\/p>  <p>El equipo pucelano ser\u00e1, precisamente, el pr\u00f3ximo rival del Huesitos-La Vila en una segunda jornada que se antoja crucial y que se disputar\u00e1 el pr\u00f3ximo domingo (12:00 horas) en El Pantano.<\/p> ","protected":false},"excerpt":{"rendered":"<p>El XV chocolatero encarrila su participaci\u00f3n en la Copa del Rey con un fenomenal triunfo<\/p>\n","protected":false},"author":0,"featured_media":20183,"comment_status":"","ping_status":"open","sticky":false,"template":"","format":"standard","meta":{"_acf_changed":false,"footnotes":""},"categories":[16],"tags":[],"class_list":["post-20182","post","type-post","status-publish","format-standard","has-post-thumbnail","hentry","category-deportes"],"acf":{"ser_id":"LKXOXYKN5BA3RGAPTNQJQ44YOM","ser_url":"https:\/\/cadenaser.com\/comunitat-valenciana\/2025\/11\/23\/el-huesitos-la-vila-enciende-el-congelado-domingo-de-hernani-radio-benidorm\/"},"_links":{"self":[{"href":"https:\/\/serbenidorm.daliisolutions.com\/index.php\/wp-json\/wp\/v2\/posts\/20182","targetHints":{"allow":["GET"]}}],"collection":[{"href":"https:\/\/serbenidorm.daliisolutions.com\/index.php\/wp-json\/wp\/v2\/posts"}],"about":[{"href":"https:\/\/serbenidorm.daliisolutions.com\/index.php\/wp-json\/wp\/v2\/types\/post"}],"replies":[{"embeddable":true,"href":"https:\/\/serbenidorm.daliisolutions.com\/index.php\/wp-json\/wp\/v2\/comments?post=20182"}],"version-history":[{"count":0,"href":"https:\/\/serbenidorm.daliisolutions.com\/index.php\/wp-json\/wp\/v2\/posts\/20182\/revisions"}],"wp:featuredmedia":[{"embeddable":true,"href":"https:\/\/serbenidorm.daliisolutions.com\/index.php\/wp-json\/wp\/v2\/media\/20183"}],"wp:attachment":[{"href":"https:\/\/serbenidorm.daliisolutions.com\/index.php\/wp-json\/wp\/v2\/media?parent=20182"}],"wp:term":[{"taxonomy":"category","embeddable":true,"href":"https:\/\/serbenidorm.daliisolutions.com\/index.php\/wp-json\/wp\/v2\/categories?post=20182"},{"taxonomy":"post_tag","embeddable":true,"href":"https:\/\/serbenidorm.daliisolutions.com\/index.php\/wp-json\/wp\/v2\/tags?post=20182"}],"curies":[{"name":"wp","href":"https:\/\/api.w.org\/{rel}","templated":true}]}}