{"id":2019,"date":"2024-02-05T12:29:13","date_gmt":"2024-02-05T11:29:13","guid":{"rendered":"https:\/\/serbenidorm.daliisolutions.com\/index.php\/2024\/02\/05\/la-nucia-se-reencuentra-con-la-victoria-77-dias-despues\/"},"modified":"2024-02-05T12:29:13","modified_gmt":"2024-02-05T11:29:13","slug":"la-nucia-se-reencuentra-con-la-victoria-77-dias-despues","status":"publish","type":"post","link":"https:\/\/serbenidorm.daliisolutions.com\/index.php\/2024\/02\/05\/la-nucia-se-reencuentra-con-la-victoria-77-dias-despues\/","title":{"rendered":"La Nuc\u00eda se reencuentra con la victoria 77 d\u00edas despu\u00e9s"},"content":{"rendered":"  <p>Benidorm<\/p>   <p>Dos meses y catorce d\u00edas o, lo que es lo mismo, nueve jornadas de Liga. Eso es lo que ha tardado <a href=\"https:\/\/cadenaser.com\/tag\/club_futbol_la_nucia\/a\/\" target=\"_blank\" rel=\"noopener\">La Nuc\u00eda<\/a> en reencontrarse con la tan necesitada victoria, algo que los de Mario Cartagena consiguieron ayer domingo, en su Estadi Ol\u00edmpic Camilo Cano, al imponerse por 1-0 al Torrent y encadenar ya cuatro jornadas consecutivas sin conocer la derrota para, de esta manera, seguir so\u00f1ando con el complicad\u00edsimo objetivo de lograr la permanencia al finalizar la temporada.<\/p>   <p>El gol conseguido por Dasquet en el tiempo de descuento (minuto 93) no s\u00f3lo ha servido para sumar tres puntos bals\u00e1micos para los rojillos despu\u00e9s de tres empates consecutivos, sino que tambi\u00e9n supuso un chute de moral ya que ese solitario tanto ha servido para que La Nuc\u00eda abandone, al fin, la posici\u00f3n de colista de su grupo en la Segunda RFEF.<\/p>   <p>Los nucieros fueron claros dominadores de un choque en el que el Torrent fue de menos a m\u00e1s y pudo poner en aprietos a los locales que, pese a todo, siempre confi\u00f3 en su victoria sobreponi\u00e9ndose, incluso, a un penalti fallado por \u00c1lex Salto, un error que, por fortuna, qued\u00f3 olvidado despu\u00e9s del tanto de Dasquet.<\/p>   <p>La Nuc\u00eda es ahora 17\u00ba clasificado a diez puntos de la salvaci\u00f3n, uno menos que la semana pasada, cuando restan todav\u00eda 39 por disputarse. El pr\u00f3ximo examen, la semana que viene ante el Sant Andreu, quinto clasificado.<\/p>   <p><b>El Benidorm suma y sigue<\/b><\/p>   <p>Y aunque ya ha dejado de ser noticia, el <a href=\"https:\/\/cadenaser.com\/tag\/club_futbol_benidorm\/a\/\" target=\"_blank\" rel=\"noopener\">C.F. Benidorm<\/a> solvent\u00f3 su choque de Lliga Comunitat ante l\u2019Olleria, el \u00fanico equipo que ha sido capaz de superar a los de Miguel \u00c1ngel Mart\u00ednez esta temporada, con victoria por 2-1 en el que fue el segundo partido que ha disputado el conjunto benidormense en el Guillermo Amor.<\/p>   <p>El partido tuvo dos fases muy diferenciadas. En la primera mitad, el Benidorm fue el claro dominador, logrando colocarse con 2-0 y dando toda la sensaci\u00f3n de que la cosa podr\u00eda acabar en goleada a poco que la fortuna sonriese a la delantera local.<\/p>   <p>Sin embargo, y tras el descanso, l\u2019Olleria fue haci\u00e9ndose con el partido y recort\u00f3 distancias antes de disponer de un penalti a su favor para colocar el empate. Apareci\u00f3 entonces la figura de \u00c1lvaro, cancerbero local, deteniendo el disparo y d\u00e1ndole aire a un Benidorm que acab\u00f3 pidiendo la hora tras un largu\u00edsimo descuento en el que los visitantes estuvieron muy cerca de dar la sorpresa ante un equipo que, sumados los tres puntos, sigue manteniendo su c\u00f3moda renta de nueve puntos sobre el Eldense B, su m\u00e1s inmediato perseguidor.<\/p> ","protected":false},"excerpt":{"rendered":"<p>El C.F. Benidorm se venga de l\u2019Olleria y suma tres puntos para mantener su holgada renta en el liderato<\/p>\n","protected":false},"author":0,"featured_media":2020,"comment_status":"open","ping_status":"open","sticky":false,"template":"","format":"standard","meta":{"_acf_changed":false,"footnotes":""},"categories":[16],"tags":[],"class_list":["post-2019","post","type-post","status-publish","format-standard","has-post-thumbnail","hentry","category-deportes"],"acf":{"ser_id":"6RV76KYPBJEL5DDLXEMLFJKLFY","ser_url":"https:\/\/cadenaser.com\/comunitat-valenciana\/2024\/02\/05\/la-nucia-se-reencuentra-con-la-victoria-77-dias-despues-radio-benidorm\/"},"_links":{"self":[{"href":"https:\/\/serbenidorm.daliisolutions.com\/index.php\/wp-json\/wp\/v2\/posts\/2019","targetHints":{"allow":["GET"]}}],"collection":[{"href":"https:\/\/serbenidorm.daliisolutions.com\/index.php\/wp-json\/wp\/v2\/posts"}],"about":[{"href":"https:\/\/serbenidorm.daliisolutions.com\/index.php\/wp-json\/wp\/v2\/types\/post"}],"replies":[{"embeddable":true,"href":"https:\/\/serbenidorm.daliisolutions.com\/index.php\/wp-json\/wp\/v2\/comments?post=2019"}],"version-history":[{"count":0,"href":"https:\/\/serbenidorm.daliisolutions.com\/index.php\/wp-json\/wp\/v2\/posts\/2019\/revisions"}],"wp:featuredmedia":[{"embeddable":true,"href":"https:\/\/serbenidorm.daliisolutions.com\/index.php\/wp-json\/wp\/v2\/media\/2020"}],"wp:attachment":[{"href":"https:\/\/serbenidorm.daliisolutions.com\/index.php\/wp-json\/wp\/v2\/media?parent=2019"}],"wp:term":[{"taxonomy":"category","embeddable":true,"href":"https:\/\/serbenidorm.daliisolutions.com\/index.php\/wp-json\/wp\/v2\/categories?post=2019"},{"taxonomy":"post_tag","embeddable":true,"href":"https:\/\/serbenidorm.daliisolutions.com\/index.php\/wp-json\/wp\/v2\/tags?post=2019"}],"curies":[{"name":"wp","href":"https:\/\/api.w.org\/{rel}","templated":true}]}}