{"id":20203,"date":"2025-11-24T15:26:20","date_gmt":"2025-11-24T14:26:20","guid":{"rendered":"https:\/\/serbenidorm.daliisolutions.com\/index.php\/2025\/11\/24\/el-balonmano-servigroup-benidorm-y-feliciano-nunes-separan-sus-caminos\/"},"modified":"2025-11-24T15:26:20","modified_gmt":"2025-11-24T14:26:20","slug":"el-balonmano-servigroup-benidorm-y-feliciano-nunes-separan-sus-caminos","status":"publish","type":"post","link":"https:\/\/serbenidorm.daliisolutions.com\/index.php\/2025\/11\/24\/el-balonmano-servigroup-benidorm-y-feliciano-nunes-separan-sus-caminos\/","title":{"rendered":"El Balonmano Servigroup Benidorm y Feliciano Nunes separan sus caminos"},"content":{"rendered":" <p>El Club Balonmano Benidorm ha oficializado este lunes la salida de Feliciano Nunes de la plantilla de su primer equipo. Tal y como se ha explicado desde la entidad del Palau d\u2019Esports, esta decisi\u00f3n \u201cno se ha producido a causa de un descontento con su aportaci\u00f3n deportiva\u201d, sino que ha venido dada por \u201clos problemas burocr\u00e1ticos surgidos tras su marcha para la disputa de un partido con su selecci\u00f3n nacional\u201d.<\/p>  <p>Tal y como ha explicado el director deportivo del Club Balonmano Benidorm, Ivan Nikcevic, la marcha de Nunes se ha precipitado \u201cdespu\u00e9s de que el jugador no haya podido obtener la documentaci\u00f3n necesaria para volver a Benidorm tras su viaje a Angola para jugar con su selecci\u00f3n\u201d.<\/p>  <p>El propio Nikcevic ha elogiado \u201cla profesionalidad y el compromiso\u201d de Nunes en su breve estancia en el Balonmano Servigroup Benidorm y ha reconocido que la que se ha adoptado \u201ces una decisi\u00f3n dolorosa, pero nuestra obligaci\u00f3n es velar por los intereses del club\u201d. En ese sentido, tambi\u00e9n ha desvelado que \u201ctanto el jugador como el club hemos hecho todo lo posible por solventar la problem\u00e1tica surgida, pero ha resultado imposible y no nos ha quedado m\u00e1s remedio que mirar por los intereses deportivos inmediatos del primer equipo\u201d.<\/p>  <p>Por ello, el director deportivo del Club Balonmano Benidorm ha querido \u201cdesearle lo mejor a Feliciano en su carrera deportiva y agradecerle su aportaci\u00f3n e implicaci\u00f3n con nuestro proyecto\u201d.<\/p> ","protected":false},"excerpt":{"rendered":"<p>Problemas burocr\u00e1ticos han impedido la vuelta a Espa\u00f1a del jugador tras la disputa de un partido con su selecci\u00f3n<\/p>\n","protected":false},"author":0,"featured_media":20204,"comment_status":"","ping_status":"open","sticky":false,"template":"","format":"standard","meta":{"_acf_changed":false,"footnotes":""},"categories":[16],"tags":[],"class_list":["post-20203","post","type-post","status-publish","format-standard","has-post-thumbnail","hentry","category-deportes"],"acf":{"ser_id":"47VFJCVORJAVXIVECKX7RP7JAE","ser_url":"https:\/\/cadenaser.com\/comunitat-valenciana\/2025\/11\/24\/el-balonmano-servigroup-benidorm-y-feliciano-nunes-separan-sus-caminos-radio-benidorm\/"},"_links":{"self":[{"href":"https:\/\/serbenidorm.daliisolutions.com\/index.php\/wp-json\/wp\/v2\/posts\/20203","targetHints":{"allow":["GET"]}}],"collection":[{"href":"https:\/\/serbenidorm.daliisolutions.com\/index.php\/wp-json\/wp\/v2\/posts"}],"about":[{"href":"https:\/\/serbenidorm.daliisolutions.com\/index.php\/wp-json\/wp\/v2\/types\/post"}],"replies":[{"embeddable":true,"href":"https:\/\/serbenidorm.daliisolutions.com\/index.php\/wp-json\/wp\/v2\/comments?post=20203"}],"version-history":[{"count":0,"href":"https:\/\/serbenidorm.daliisolutions.com\/index.php\/wp-json\/wp\/v2\/posts\/20203\/revisions"}],"wp:featuredmedia":[{"embeddable":true,"href":"https:\/\/serbenidorm.daliisolutions.com\/index.php\/wp-json\/wp\/v2\/media\/20204"}],"wp:attachment":[{"href":"https:\/\/serbenidorm.daliisolutions.com\/index.php\/wp-json\/wp\/v2\/media?parent=20203"}],"wp:term":[{"taxonomy":"category","embeddable":true,"href":"https:\/\/serbenidorm.daliisolutions.com\/index.php\/wp-json\/wp\/v2\/categories?post=20203"},{"taxonomy":"post_tag","embeddable":true,"href":"https:\/\/serbenidorm.daliisolutions.com\/index.php\/wp-json\/wp\/v2\/tags?post=20203"}],"curies":[{"name":"wp","href":"https:\/\/api.w.org\/{rel}","templated":true}]}}