{"id":2021,"date":"2024-02-05T13:11:51","date_gmt":"2024-02-05T12:11:51","guid":{"rendered":"https:\/\/serbenidorm.daliisolutions.com\/index.php\/2024\/02\/05\/felipe-orts-cierra-su-ano-magico-con-el-top10-mundialista\/"},"modified":"2024-02-05T13:11:51","modified_gmt":"2024-02-05T12:11:51","slug":"felipe-orts-cierra-su-ano-magico-con-el-top10-mundialista","status":"publish","type":"post","link":"https:\/\/serbenidorm.daliisolutions.com\/index.php\/2024\/02\/05\/felipe-orts-cierra-su-ano-magico-con-el-top10-mundialista\/","title":{"rendered":"Felipe Orts cierra su a\u00f1o m\u00e1gico con el top10 mundialista"},"content":{"rendered":"  <p>Benidorm<\/p>   <p>El vilero <a href=\"https:\/\/cadenaser.com\/tag\/felipe_orts_lloret\/a\/\" target=\"_blank\" rel=\"noopener\">Felipe Orts<\/a> viajaba este fin de semana a T\u00e1bor (Rep\u00fablica Checa) como <a href=\"https:\/\/cadenaser.com\/comunitat-valenciana\/2024\/01\/30\/felipe-orts-lidera-a-la-seleccion-espanola-en-tabor-radio-benidorm\/\" target=\"_blank\" rel=\"noopener\">gran referente de la selecci\u00f3n espa\u00f1ola <\/a>y con el ambicioso objetivo de <a href=\"https:\/\/cadenaser.com\/comunitat-valenciana\/2024\/02\/02\/felipe-orts-buscara-su-primer-top10-mundialista-en-tabor-radio-benidorm\/\" target=\"_blank\" rel=\"noopener\">lograr, por primera vez en su carrera deportiva, meterse entre los diez mejores en un campeonato del mundo de ciclocross<\/a> en la categor\u00eda Elite. Vestido esta vez con el maillot de Espa\u00f1a y no con el del La Vila Joiosa-N\u00e9teo, Orts, como tantas otras veces en este invierno, cumpli\u00f3 con lo previsto y termin\u00f3 la carrera en una magn\u00edfica 10\u00aa posici\u00f3n que supone la guinda a la que, con creces, ha sido su mejor campa\u00f1a hasta la fecha.<\/p>   <p>De esta manera, Felipe Orts sigue haciendo historia para el ciclocross nacional siendo, junto al local Michael Boros, el \u00fanico corredor no belga o neerland\u00e9s en meterse entre los quince primeros de la dur\u00edsima prueba de T\u00e1bor.<\/p>   <p>Que Orts hab\u00eda llegado en un muy buen momento de forma qued\u00f3 claro desde la primera vuelta cuando, contrariamente a lo que suele suceder, consegu\u00eda completar una buena salida para situarse dentro de los once primeros, una zona que no abandonar\u00eda en toda la carrera, rodando durante buena parte de la misma en el grupo de cuatro que estaba peleando por la s\u00e9ptima posici\u00f3n.<\/p>   <p>La \u00faltima vuelta marc\u00f3 las diferencias definitivas asentando al espa\u00f1ol en d\u00e9cima posici\u00f3n, un resultado que deja satisfecho a un Felipe que no para de crecer a\u00f1o tras a\u00f1o. \u201cLlevaba muchos a\u00f1os viendo que pod\u00eda alcanzar el top10, pero no lo consegu\u00eda, y la verdad es que contento\u201d, aseguraba nada m\u00e1s cruzar la l\u00ednea de meta.<\/p>   <p>El de La Vila Joiosa explicaba, adem\u00e1s, que \u201cbusc\u00e1bamos estar m\u00e1s arriba, pero estar dentro de los diez mejores con el nivel que hay\u2026 es un gran resultado para redondear la temporada; estoy muy feliz y contento con la carrera que he hecho\u201d.<\/p> ","protected":false},"excerpt":{"rendered":"<p>El ciclista de La Vila Joiosa logr\u00f3 en T\u00e1bor su objetivo de estar con los diez mejores especialistas del planeta<\/p>\n","protected":false},"author":0,"featured_media":2022,"comment_status":"open","ping_status":"open","sticky":false,"template":"","format":"standard","meta":{"_acf_changed":false,"footnotes":""},"categories":[16],"tags":[],"class_list":["post-2021","post","type-post","status-publish","format-standard","has-post-thumbnail","hentry","category-deportes"],"acf":{"ser_id":"ID3QAHFUFZDL3FUZIY36GOK6JE","ser_url":"https:\/\/cadenaser.com\/comunitat-valenciana\/2024\/02\/05\/felipe-orts-cierra-su-ano-magico-con-el-top10-mundialista-radio-benidorm\/"},"_links":{"self":[{"href":"https:\/\/serbenidorm.daliisolutions.com\/index.php\/wp-json\/wp\/v2\/posts\/2021","targetHints":{"allow":["GET"]}}],"collection":[{"href":"https:\/\/serbenidorm.daliisolutions.com\/index.php\/wp-json\/wp\/v2\/posts"}],"about":[{"href":"https:\/\/serbenidorm.daliisolutions.com\/index.php\/wp-json\/wp\/v2\/types\/post"}],"replies":[{"embeddable":true,"href":"https:\/\/serbenidorm.daliisolutions.com\/index.php\/wp-json\/wp\/v2\/comments?post=2021"}],"version-history":[{"count":0,"href":"https:\/\/serbenidorm.daliisolutions.com\/index.php\/wp-json\/wp\/v2\/posts\/2021\/revisions"}],"wp:featuredmedia":[{"embeddable":true,"href":"https:\/\/serbenidorm.daliisolutions.com\/index.php\/wp-json\/wp\/v2\/media\/2022"}],"wp:attachment":[{"href":"https:\/\/serbenidorm.daliisolutions.com\/index.php\/wp-json\/wp\/v2\/media?parent=2021"}],"wp:term":[{"taxonomy":"category","embeddable":true,"href":"https:\/\/serbenidorm.daliisolutions.com\/index.php\/wp-json\/wp\/v2\/categories?post=2021"},{"taxonomy":"post_tag","embeddable":true,"href":"https:\/\/serbenidorm.daliisolutions.com\/index.php\/wp-json\/wp\/v2\/tags?post=2021"}],"curies":[{"name":"wp","href":"https:\/\/api.w.org\/{rel}","templated":true}]}}