{"id":20212,"date":"2025-11-24T19:37:35","date_gmt":"2025-11-24T18:37:35","guid":{"rendered":"https:\/\/serbenidorm.daliisolutions.com\/index.php\/2025\/11\/24\/benidorm-reconoce-a-su-alcalde-del-agua-con-la-medalla-corporativa\/"},"modified":"2025-11-24T19:37:35","modified_gmt":"2025-11-24T18:37:35","slug":"benidorm-reconoce-a-su-alcalde-del-agua-con-la-medalla-corporativa","status":"publish","type":"post","link":"https:\/\/serbenidorm.daliisolutions.com\/index.php\/2025\/11\/24\/benidorm-reconoce-a-su-alcalde-del-agua-con-la-medalla-corporativa\/","title":{"rendered":"Benidorm reconoce a su &#8216;alcalde del agua&#8217; con la Medalla Corporativa"},"content":{"rendered":" <p>El Ayuntamiento de Benidorm impondr\u00e1 el pr\u00f3ximo 6 de diciembre, D\u00eda de la Constituci\u00f3n, la Medalla Corporativa de la ciudad a Rafael Ferrer Meli\u00e1, conocido como el &#8216;alcalde del agua&#8217;, en reconocimiento a su papel decisivo durante la grave crisis de abastecimiento que sufri\u00f3 el municipio a finales de los a\u00f1os setenta del siglo XX y por su contribuci\u00f3n al modelo de gesti\u00f3n h\u00eddrica que distingue hoy a esta localidad.<\/p>  <p>La propuesta, aprobada por unanimidad en la Junta de Portavoces, subraya su \u201cvoluntad de servicio y entrega\u201d en los meses m\u00e1s duros de 1978, <a href=\"https:\/\/cadenaser.com\/tag\/benidorm\/a\/\" target=\"_blank\" rel=\"nofollow\" title=\"https:\/\/cadenaser.com\/tag\/benidorm\/a\/\">cuando Benidorm afront\u00f3 la peor sequ\u00eda de su historia reciente<\/a>. En ese contexto, Ferrer Meli\u00e1 lider\u00f3 la respuesta institucional y social que permiti\u00f3 asegurar el suministro \u201cgracias a la uni\u00f3n de todos y a la solidaridad del pueblo de Beniard\u00e1\u201d, seg\u00fan recoge el acuerdo.<\/p>  <p>Ferrer Meli\u00e1 asumi\u00f3 la Alcald\u00eda en una etapa excepcional, entre marzo de 1978 y abril de 1979, tras la renuncia de su antecesor y en plena crisis h\u00eddrica. <\/p>  <p>Durante sus 377 d\u00edas de mandato impuls\u00f3 y dej\u00f3 planificados proyectos clave para el ciclo integral del agua, posteriormente ejecutados por sus sucesores, y que sirvieron de base para transformar la gesti\u00f3n del recurso en la ciudad.<\/p>  <p>El homenajeado tambi\u00e9n estuvo al frente de Benidorm en dos momentos hist\u00f3ricos: el refer\u00e9ndum de la Constituci\u00f3n de 1978 y las primeras elecciones municipales democr\u00e1ticas de 1979. Fue, adem\u00e1s, el \u00faltimo alcalde predemocr\u00e1tico y uno de los primeros en reclamar una consulta directa a la ciudadan\u00eda para la elecci\u00f3n de representantes.<\/p>  <p>Nacido en 1941 y vinculado al Canal Bajo del Algar desde su juventud, Ferrer Meli\u00e1 accedi\u00f3 al consistorio benidormense en 1974, donde destac\u00f3 por su trabajo en \u00e1reas como playas, limpieza viaria, educaci\u00f3n, infraestructuras y depuraci\u00f3n de aguas. Su gesti\u00f3n se caracteriz\u00f3 por la cooperaci\u00f3n comarcal y por afrontar los servicios municipales con una visi\u00f3n moderna y orientada al futuro.<\/p>  <p>Tras dejar la Alcald\u00eda, se retir\u00f3 discretamente de la pol\u00edtica local y mantuvo una participaci\u00f3n activa como ciudadano, orgulloso, seg\u00fan recoge la propuesta, de que \u201cBenidorm no ha vuelto a sufrir por falta de agua\u201d. <\/p>  <p><\/p>  <p><\/p>  <p><\/p>  <p><\/p>  <p><\/p> ","protected":false},"excerpt":{"rendered":"<p>Rafael Ferrer Meli\u00e1 ser\u00e1 distinguido el D\u00eda de la Constituci\u00f3n, cuya votaci\u00f3n se celebr\u00f3 en la ciudad bajo su mandato<\/p>\n","protected":false},"author":0,"featured_media":20213,"comment_status":"","ping_status":"open","sticky":false,"template":"","format":"standard","meta":{"_acf_changed":false,"footnotes":""},"categories":[1],"tags":[],"class_list":["post-20212","post","type-post","status-publish","format-standard","has-post-thumbnail","hentry","category-sin-categoria"],"acf":{"ser_id":"5HJWXL67RNHXDJFGTR5PSWESOM","ser_url":"https:\/\/cadenaser.com\/comunitat-valenciana\/2025\/11\/24\/benidorm-reconoce-a-su-alcalde-del-agua-con-la-medalla-corporativa-radio-benidorm\/"},"_links":{"self":[{"href":"https:\/\/serbenidorm.daliisolutions.com\/index.php\/wp-json\/wp\/v2\/posts\/20212","targetHints":{"allow":["GET"]}}],"collection":[{"href":"https:\/\/serbenidorm.daliisolutions.com\/index.php\/wp-json\/wp\/v2\/posts"}],"about":[{"href":"https:\/\/serbenidorm.daliisolutions.com\/index.php\/wp-json\/wp\/v2\/types\/post"}],"replies":[{"embeddable":true,"href":"https:\/\/serbenidorm.daliisolutions.com\/index.php\/wp-json\/wp\/v2\/comments?post=20212"}],"version-history":[{"count":0,"href":"https:\/\/serbenidorm.daliisolutions.com\/index.php\/wp-json\/wp\/v2\/posts\/20212\/revisions"}],"wp:featuredmedia":[{"embeddable":true,"href":"https:\/\/serbenidorm.daliisolutions.com\/index.php\/wp-json\/wp\/v2\/media\/20213"}],"wp:attachment":[{"href":"https:\/\/serbenidorm.daliisolutions.com\/index.php\/wp-json\/wp\/v2\/media?parent=20212"}],"wp:term":[{"taxonomy":"category","embeddable":true,"href":"https:\/\/serbenidorm.daliisolutions.com\/index.php\/wp-json\/wp\/v2\/categories?post=20212"},{"taxonomy":"post_tag","embeddable":true,"href":"https:\/\/serbenidorm.daliisolutions.com\/index.php\/wp-json\/wp\/v2\/tags?post=20212"}],"curies":[{"name":"wp","href":"https:\/\/api.w.org\/{rel}","templated":true}]}}