{"id":20224,"date":"2025-11-25T14:01:07","date_gmt":"2025-11-25T13:01:07","guid":{"rendered":"https:\/\/serbenidorm.daliisolutions.com\/index.php\/2025\/11\/25\/la-policia-local-de-benidorm-protege-a-diario-a-115-victimas-de-violencia-de-genero\/"},"modified":"2025-11-25T14:01:07","modified_gmt":"2025-11-25T13:01:07","slug":"la-policia-local-de-benidorm-protege-a-diario-a-115-victimas-de-violencia-de-genero","status":"publish","type":"post","link":"https:\/\/serbenidorm.daliisolutions.com\/index.php\/2025\/11\/25\/la-policia-local-de-benidorm-protege-a-diario-a-115-victimas-de-violencia-de-genero\/","title":{"rendered":"La Polic\u00eda Local de Benidorm protege a diario a 115 v\u00edctimas de violencia de g\u00e9nero"},"content":{"rendered":" <p>Del total de <a href=\"https:\/\/cadenaser.com\/tag\/benidorm\/a\/\" target=\"_blank\" rel=\"nofollow\">281 mujeres v\u00edctimas de la violencia de g\u00e9nero que necesitan protecci\u00f3n diaria en Benidorm<\/a> la Polic\u00eda Local se hace cargo del seguimiento de 115,<b> <\/b>25 m\u00e1s que el a\u00f1o pasado y 56 m\u00e1s que hace dos a\u00f1os. <\/p>  <p>De estos 115 casos en la actualidad ninguno est\u00e1 en nivel extremo de riesgo, hay uno en nivel alto, 15 en medio y el resto en bajo. <\/p>  <p>El oficial y portavoz Quique Tortosa ha explicado a <a href=\"https:\/\/cadenaser.com\/tag\/benidorm\/a\/\" target=\"_blank\" rel=\"nofollow\" title=\"https:\/\/cadenaser.com\/tag\/benidorm\/a\/\">Radio Benidorm<\/a> que las medidas de seguridad van \u00abdesde la protecci\u00f3n policial 24 horas en el nivel extremo a acompa\u00f1amiento y seguimiento o la vigilancia del cumplimiento de las penas\u00bb. Cuanto mayor es el nivel, a\u00f1ade, m\u00e1s corto es el periodo de tiempo que pasa entre evaluaciones.<\/p>  <p>\u00abTenemos que pedirle a las mujeres que sean v\u00edctimas de violencia de g\u00e9nero que sean fuertes y que denuncien porque es la \u00fanica manera que tenemos para darles protecci\u00f3n ayuda y que no duden en acudir a cualquier dependencia policial o utilizar los tel\u00e9fonos de emergencia\u00bb, ha subrayado el portavoz policial.<\/p>  <p>En Altea, por su parte, hay 79 mujeres dentro del sistema VioGen, todas en nivel medio y bajo de riesgo. <a href=\"https:\/\/cadenaser.com\/tag\/dia_internacional_eliminacion_violencia_contra_la_mujer\/a\/\" target=\"_blank\" rel=\"nofollow\">El tel\u00e9fono de atenci\u00f3n a las v\u00edctimas es el 016<\/a>, es gratuito y no deja rastro en la factura, aunque se tiene que borrar del registro de llamadas.<\/p> ","protected":false},"excerpt":{"rendered":"<p>El n\u00famero total de casos registrados en el sistema VioGen en la ciudad alcanza los 281, 53 m\u00e1s que hace solo un a\u00f1o<\/p>\n","protected":false},"author":0,"featured_media":20225,"comment_status":"","ping_status":"open","sticky":false,"template":"","format":"standard","meta":{"_acf_changed":false,"footnotes":""},"categories":[1],"tags":[],"class_list":["post-20224","post","type-post","status-publish","format-standard","has-post-thumbnail","hentry","category-sin-categoria"],"acf":{"ser_id":"NY6M5IWMCJEXHKHFGVZWSWHQVY","ser_url":"https:\/\/cadenaser.com\/comunitat-valenciana\/2025\/11\/25\/la-policia-local-de-benidorm-protege-a-diario-a-115-de-las-281-victimas-de-violencia-machista-en-seguimiento-en-la-ciudad-radio-benidorm\/"},"_links":{"self":[{"href":"https:\/\/serbenidorm.daliisolutions.com\/index.php\/wp-json\/wp\/v2\/posts\/20224","targetHints":{"allow":["GET"]}}],"collection":[{"href":"https:\/\/serbenidorm.daliisolutions.com\/index.php\/wp-json\/wp\/v2\/posts"}],"about":[{"href":"https:\/\/serbenidorm.daliisolutions.com\/index.php\/wp-json\/wp\/v2\/types\/post"}],"replies":[{"embeddable":true,"href":"https:\/\/serbenidorm.daliisolutions.com\/index.php\/wp-json\/wp\/v2\/comments?post=20224"}],"version-history":[{"count":0,"href":"https:\/\/serbenidorm.daliisolutions.com\/index.php\/wp-json\/wp\/v2\/posts\/20224\/revisions"}],"wp:featuredmedia":[{"embeddable":true,"href":"https:\/\/serbenidorm.daliisolutions.com\/index.php\/wp-json\/wp\/v2\/media\/20225"}],"wp:attachment":[{"href":"https:\/\/serbenidorm.daliisolutions.com\/index.php\/wp-json\/wp\/v2\/media?parent=20224"}],"wp:term":[{"taxonomy":"category","embeddable":true,"href":"https:\/\/serbenidorm.daliisolutions.com\/index.php\/wp-json\/wp\/v2\/categories?post=20224"},{"taxonomy":"post_tag","embeddable":true,"href":"https:\/\/serbenidorm.daliisolutions.com\/index.php\/wp-json\/wp\/v2\/tags?post=20224"}],"curies":[{"name":"wp","href":"https:\/\/api.w.org\/{rel}","templated":true}]}}