{"id":2023,"date":"2024-02-05T15:08:54","date_gmt":"2024-02-05T14:08:54","guid":{"rendered":"https:\/\/serbenidorm.daliisolutions.com\/index.php\/2024\/02\/05\/incendio-forestal-entre-beniarda-y-benifato-estabilizado\/"},"modified":"2024-02-05T15:08:54","modified_gmt":"2024-02-05T14:08:54","slug":"incendio-forestal-entre-beniarda-y-benifato-estabilizado","status":"publish","type":"post","link":"https:\/\/serbenidorm.daliisolutions.com\/index.php\/2024\/02\/05\/incendio-forestal-entre-beniarda-y-benifato-estabilizado\/","title":{"rendered":"Incendio forestal entre Beniard\u00e0 y Benifato estabilizado"},"content":{"rendered":"  <p>Benifato<\/p>   <p>Este lunes a mediod\u00eda se ha declarado un incendio entre los t\u00e9rminos municipales de <a href=\"https:\/\/cadenaser.com\/tag\/comarca_la_marina_baixa\/a\/\" target=\"_blank\" rel=\"noopener\">Beniard\u00e0 y<\/a> <a href=\"https:\/\/cadenaser.com\/tag\/comarca_la_marina_baixa\/a\/\" target=\"_blank\" rel=\"noopener\">Benifato, en el interior de la comarca de la Marina Baixa<\/a>. En concreto, el fuego se ha producido en una parcela ubicada en una zona frondosa de matorral y pinar y ya est\u00e1 estabilizado.<\/p>   <p>A lo largo de la ma\u00f1ana han ido trabajando sobre el terreno un medio a\u00e9reo, dos autobombas y dos unidades de bomberos forestales de la Generalitat Valenciana, as\u00ed como un coordinador forestal, un agente medioambiental y cuatro dotaciones de bomberos de la Diputaci\u00f3n Provincial de Alicante.<\/p>   <p>Riesgo alto de incendios<\/p>   <p>Emergencias mantiene el nivel alto de riesgo de incendios forestales tanto en la Marina Alta como en la Marina Baixa en este inicio de semana. Tambi\u00e9n en el interior norte de la provincia de Alicante y en el interior sur de la de Castell\u00f3n.<\/p>   <p><div><blockquote class=\"twitter-tweet\"><p lang=\"ca\" dir=\"ltr\">\u26a0\ufe0f El nivell de preemerg\u00e8ncia per risc d&#8217;incendis forestals hui 05\/02 \u00e9s:<br><br>\ud83d\udfe0 Alt a l&#8217;interior sud de la prov\u00edncia de Castell\u00f3 i al nord d&#8217;Alacant.<br>\ud83d\udfe2 Baix\/mitj\u00e0 a la resta de la Comunitat Valenciana.<a href=\"https:\/\/twitter.com\/hashtag\/StopAlFoc?src=hash&amp;ref_src=twsrc%5Etfw\">#StopAlFoc<\/a> <a href=\"https:\/\/t.co\/G03gf7aiHA\">pic.twitter.com\/G03gf7aiHA<\/a><\/p>\u2014 Emerg\u00e8ncies 112CV (@GVA112) <a href=\"https:\/\/twitter.com\/GVA112\/status\/1754399879143571904?ref_src=twsrc%5Etfw\">February 5, 2024<\/a><\/blockquote>   <\/div><\/p> ","protected":false},"excerpt":{"rendered":"<p>Trabajan sobre la zona seis dotaciones terrestres y el medio a\u00e9reo ya se ha retirado<\/p>\n","protected":false},"author":0,"featured_media":2024,"comment_status":"open","ping_status":"open","sticky":false,"template":"","format":"standard","meta":{"_acf_changed":false,"footnotes":""},"categories":[1],"tags":[],"class_list":["post-2023","post","type-post","status-publish","format-standard","has-post-thumbnail","hentry","category-sin-categoria"],"acf":{"ser_id":"DEJ5KWZ2IJHJXINUK2ZHOEMWRM","ser_url":"https:\/\/cadenaser.com\/comunitat-valenciana\/2024\/02\/05\/incendio-forestal-entre-beniarda-y-benifato-estabilizado-radio-benidorm\/"},"_links":{"self":[{"href":"https:\/\/serbenidorm.daliisolutions.com\/index.php\/wp-json\/wp\/v2\/posts\/2023","targetHints":{"allow":["GET"]}}],"collection":[{"href":"https:\/\/serbenidorm.daliisolutions.com\/index.php\/wp-json\/wp\/v2\/posts"}],"about":[{"href":"https:\/\/serbenidorm.daliisolutions.com\/index.php\/wp-json\/wp\/v2\/types\/post"}],"replies":[{"embeddable":true,"href":"https:\/\/serbenidorm.daliisolutions.com\/index.php\/wp-json\/wp\/v2\/comments?post=2023"}],"version-history":[{"count":0,"href":"https:\/\/serbenidorm.daliisolutions.com\/index.php\/wp-json\/wp\/v2\/posts\/2023\/revisions"}],"wp:featuredmedia":[{"embeddable":true,"href":"https:\/\/serbenidorm.daliisolutions.com\/index.php\/wp-json\/wp\/v2\/media\/2024"}],"wp:attachment":[{"href":"https:\/\/serbenidorm.daliisolutions.com\/index.php\/wp-json\/wp\/v2\/media?parent=2023"}],"wp:term":[{"taxonomy":"category","embeddable":true,"href":"https:\/\/serbenidorm.daliisolutions.com\/index.php\/wp-json\/wp\/v2\/categories?post=2023"},{"taxonomy":"post_tag","embeddable":true,"href":"https:\/\/serbenidorm.daliisolutions.com\/index.php\/wp-json\/wp\/v2\/tags?post=2023"}],"curies":[{"name":"wp","href":"https:\/\/api.w.org\/{rel}","templated":true}]}}