{"id":2025,"date":"2024-02-05T15:08:55","date_gmt":"2024-02-05T14:08:55","guid":{"rendered":"https:\/\/serbenidorm.daliisolutions.com\/index.php\/2024\/02\/05\/la-generalitat-volvera-a-apoyar-el-benidorm-fest-en-2025\/"},"modified":"2024-02-05T15:08:55","modified_gmt":"2024-02-05T14:08:55","slug":"la-generalitat-volvera-a-apoyar-el-benidorm-fest-en-2025","status":"publish","type":"post","link":"https:\/\/serbenidorm.daliisolutions.com\/index.php\/2024\/02\/05\/la-generalitat-volvera-a-apoyar-el-benidorm-fest-en-2025\/","title":{"rendered":"La Generalitat volver\u00e1 a apoyar el Benidorm Fest en 2025"},"content":{"rendered":"  <p>Benidorm<\/p>   <p>La consellera de Innovaci\u00f3n, Industria, Comercio y Turismo, Nuria Montes, ha confirmado que la Generalitat volver\u00e1 a apoyar la celebraci\u00f3n del Benidorm Fest en 2025 dado que el certamen <a href=\"https:\/\/cadenaser.com\/tag\/benidorm\/a\/\" target=\"_blank\" rel=\"noopener\">\u201crefuerza la proyecci\u00f3n tur\u00edstica de la ciudad y de toda la Comunitat Valenciana\u201d<\/a>.<\/p>   <p>As\u00ed se ha pronunciado la titular de Turisme tras conocer los datos de impacto de las tres galas de selecci\u00f3n para elegir al representante de Eurovisi\u00f3n en el Benidorm Fest que se celebraron la semana pasada, que han reflejado el gran impacto del festival, con 1,97 millones de espectadores siguiendo la retransmisi\u00f3n de la final en TVE (16,6 por ciento del share), 90.000 m\u00e1s que hace un a\u00f1o.<\/p>  <p><p>M\u00e1s informaci\u00f3n<\/p><figure><img decoding=\"async\" src=\"https:\/\/cadenaser.com\/resizer\/faRQoqurgkafCrL_l1YyAywblzY=\/650x366\/filters:quality(70)\/cloudfront-eu-central-1.images.arcpublishing.com\/prisaradio\/GPOMP73D45ADXHBN34UEYQVZGU.PNG\" loading=\"lazy\" width=\"828\" height=\"621\" \/><\/figure><ul><li><a href=\"https:\/\/cadenaser.com\/comunitat-valenciana\/2024\/02\/03\/nebulossa-gana-el-benidorm-fest-y-representara-a-espana-en-eurovision-2024-en-malmo-suecia-con-zorra-radio-benidorm\/\">Nebulossa gana el Benidorm Fest y representar\u00e1 a Espa\u00f1a en Eurovisi\u00f3n 2024 en Malm\u00f6 (Suecia) con &#8216;Zorra&#8217;<\/a><\/li><\/ul><\/p>   <p>\u00abYa no hay ninguna duda sobre la apuesta de la Generalitat por este evento, tras tres ediciones en las que se ha consolidado alrededor de una marca propia\u201d, ha se\u00f1alado la consellera.<\/p>   <p>Montes ha explicado que se trata de un espect\u00e1culo que \u201cya trasciende nuestras fronteras\u201d. De hecho, seg\u00fan los datos de impacto, 25 pa\u00edses siguieron la gala final a trav\u00e9s de redes sociales, donde se realizaron 187.932 menciones en la red social X durante la gala.<\/p>   <p>La consellera de Turismo ha resaltado que estos datos \u201ccorroboran que el Benidorm Fest es un elemento de promoci\u00f3n de la ciudad, y de toda la Comunitat Valenciana\u201d, y ha hecho hincapi\u00e9 en que se ha consolidado este festival en la ciudad de Benidorm \u201cpor lo que es el lugar adecuado para la celebraci\u00f3n y no se entiende ya este festival en otro sitio\u201d.<\/p>   <p>El efecto de la marca<\/p>   <p>Asimismo, ha resaltado el impacto de este fen\u00f3meno musical en t\u00e9rminos de retorno de publicidad y, en este sentido, ha hecho referencia al impacto publicitario de este festival, que \u201cse calcula en m\u00e1s de 80 millones de euros\u201d.<\/p>   <p>Ha incidido en que el Benidorm Fest \u201ces un producto que encaja perfectamente en la estrategia de desestacionalizaci\u00f3n y de turismo musical\u201d, ya que se celebra en un mes considerado dentro de la temporada baja y \u201cpermite alcanzar cifras muy positivas de ocupaci\u00f3n y gasto, colgando pr\u00e1cticamente el cartel de completo\u201d.<\/p>   <p>Por \u00faltimo, ha recordado \u201cla implicaci\u00f3n esencial del Gobierno valenciano en el Benidorm Fest 2024\u201d a trav\u00e9s del acuerdo de colaboraci\u00f3n entre Turisme Comunitat Valenciana y la Corporaci\u00f3n de Radio y Televisi\u00f3n Espa\u00f1ola, con una aportaci\u00f3n de 1,5 millones de euros. <\/p> ","protected":false},"excerpt":{"rendered":"<p>La consellera de Turismo ha destacado el \u00ab\u00e9xito\u00bb de esta tercera edici\u00f3n<\/p>\n","protected":false},"author":0,"featured_media":2026,"comment_status":"open","ping_status":"open","sticky":false,"template":"","format":"standard","meta":{"_acf_changed":false,"footnotes":""},"categories":[1],"tags":[],"class_list":["post-2025","post","type-post","status-publish","format-standard","has-post-thumbnail","hentry","category-sin-categoria"],"acf":{"ser_id":"H2CCS64FNRE6XO2HNTGHJAOC7U","ser_url":"https:\/\/cadenaser.com\/comunitat-valenciana\/2024\/02\/05\/la-generalitat-volvera-a-apoyar-el-benidorm-fest-en-2025-radio-benidorm\/"},"_links":{"self":[{"href":"https:\/\/serbenidorm.daliisolutions.com\/index.php\/wp-json\/wp\/v2\/posts\/2025","targetHints":{"allow":["GET"]}}],"collection":[{"href":"https:\/\/serbenidorm.daliisolutions.com\/index.php\/wp-json\/wp\/v2\/posts"}],"about":[{"href":"https:\/\/serbenidorm.daliisolutions.com\/index.php\/wp-json\/wp\/v2\/types\/post"}],"replies":[{"embeddable":true,"href":"https:\/\/serbenidorm.daliisolutions.com\/index.php\/wp-json\/wp\/v2\/comments?post=2025"}],"version-history":[{"count":0,"href":"https:\/\/serbenidorm.daliisolutions.com\/index.php\/wp-json\/wp\/v2\/posts\/2025\/revisions"}],"wp:featuredmedia":[{"embeddable":true,"href":"https:\/\/serbenidorm.daliisolutions.com\/index.php\/wp-json\/wp\/v2\/media\/2026"}],"wp:attachment":[{"href":"https:\/\/serbenidorm.daliisolutions.com\/index.php\/wp-json\/wp\/v2\/media?parent=2025"}],"wp:term":[{"taxonomy":"category","embeddable":true,"href":"https:\/\/serbenidorm.daliisolutions.com\/index.php\/wp-json\/wp\/v2\/categories?post=2025"},{"taxonomy":"post_tag","embeddable":true,"href":"https:\/\/serbenidorm.daliisolutions.com\/index.php\/wp-json\/wp\/v2\/tags?post=2025"}],"curies":[{"name":"wp","href":"https:\/\/api.w.org\/{rel}","templated":true}]}}