{"id":20257,"date":"2025-11-26T11:10:17","date_gmt":"2025-11-26T10:10:17","guid":{"rendered":"https:\/\/serbenidorm.daliisolutions.com\/index.php\/2025\/11\/26\/el-balonmano-servigroup-benidorm-debuta-en-copa-del-rey-en-malaga\/"},"modified":"2025-11-26T11:10:17","modified_gmt":"2025-11-26T10:10:17","slug":"el-balonmano-servigroup-benidorm-debuta-en-copa-del-rey-en-malaga","status":"publish","type":"post","link":"https:\/\/serbenidorm.daliisolutions.com\/index.php\/2025\/11\/26\/el-balonmano-servigroup-benidorm-debuta-en-copa-del-rey-en-malaga\/","title":{"rendered":"El Balonmano Servigroup Benidorm debuta en Copa del Rey en M\u00e1laga"},"content":{"rendered":" <p>El Balonmano Servigroup Benidorm viaja este mi\u00e9rcoles (20:00 horas) a M\u00e1laga para la disputa de la primera ronda de la Copa del Rey en un partido que qued\u00f3 aplazado en su d\u00eda y que supondr\u00e1 la pen\u00faltima parada de un mes de noviembre muy cargado para un grupo que, en cualquier caso, ha vuelto a encontrar sus mejores sensaciones en las \u00faltimas fechas.<\/p>  <p>En esta eliminatoria, que tendr\u00e1 lugar en el Pabell\u00f3n del Colegio Los Olivos, y que se decidir\u00e1 a partido \u00fanico, el Balonmano Servigroup Benidorm tratar\u00e1 de iniciar un camino que le permita convertirse en uno de los representantes de la Divisi\u00f3n de Honor Plata en la fase final del torneo del KO, una circunstancia que ya se ha venido dando en las dos \u00faltimas ediciones.<\/p>  <p>Los de Marko Krivokapic llegan a su viaje a M\u00e1laga con la moral por las nubes tras la sufrida victoria del pasado mi\u00e9rcoles ante la Fundaci\u00f3n Agustinos y, sobre todo, la pl\u00e1cida jornada vivida el domingo en casa ante Zaragoza. <\/p>  <p>Un buen momento de juego que invita al optimismo de cara a un choque en al que los benidormenses llegan con mucho \u00e1nimo de revancha tras la derrota sufrida en la ciudad andaluza en la tercera jornada de liga. <\/p>  <p>Desde entonces, los malague\u00f1os han encadenado una racha muy irregular con una victoria, un empate y cinco derrotas. Pese a ello, en el vestuario benidormense no se f\u00edan de su rival. Diego P\u00e9rez asegura que \u201cespero de ellos lo mismo o, incluso, m\u00e1s que lo que vimos en el partido de liga\u201d. <\/p>  <p>El jugador benidormense considera que \u201cal M\u00e1laga siempre le han gustado los partidos de Copa del Rey y m\u00e1s ante un equipo como nosotros, que ya nos han ganado en liga y saldr\u00e1n a por todas\u201d. &nbsp;<\/p> ","protected":false},"excerpt":{"rendered":"<p>El equipo de Marko Krivokapic disputa este mi\u00e9rcoles la primera ronda del torneo del KO en eliminatoria a partido \u00fanico<\/p>\n","protected":false},"author":0,"featured_media":20258,"comment_status":"","ping_status":"open","sticky":false,"template":"","format":"standard","meta":{"_acf_changed":false,"footnotes":""},"categories":[16],"tags":[],"class_list":["post-20257","post","type-post","status-publish","format-standard","has-post-thumbnail","hentry","category-deportes"],"acf":{"ser_id":"7V6VGDJWBZESDDG6L55Z5PVSTU","ser_url":"https:\/\/cadenaser.com\/comunitat-valenciana\/2025\/11\/26\/el-balonmano-servigroup-benidorm-debuta-en-copa-del-rey-en-malaga-radio-benidorm\/"},"_links":{"self":[{"href":"https:\/\/serbenidorm.daliisolutions.com\/index.php\/wp-json\/wp\/v2\/posts\/20257","targetHints":{"allow":["GET"]}}],"collection":[{"href":"https:\/\/serbenidorm.daliisolutions.com\/index.php\/wp-json\/wp\/v2\/posts"}],"about":[{"href":"https:\/\/serbenidorm.daliisolutions.com\/index.php\/wp-json\/wp\/v2\/types\/post"}],"replies":[{"embeddable":true,"href":"https:\/\/serbenidorm.daliisolutions.com\/index.php\/wp-json\/wp\/v2\/comments?post=20257"}],"version-history":[{"count":0,"href":"https:\/\/serbenidorm.daliisolutions.com\/index.php\/wp-json\/wp\/v2\/posts\/20257\/revisions"}],"wp:featuredmedia":[{"embeddable":true,"href":"https:\/\/serbenidorm.daliisolutions.com\/index.php\/wp-json\/wp\/v2\/media\/20258"}],"wp:attachment":[{"href":"https:\/\/serbenidorm.daliisolutions.com\/index.php\/wp-json\/wp\/v2\/media?parent=20257"}],"wp:term":[{"taxonomy":"category","embeddable":true,"href":"https:\/\/serbenidorm.daliisolutions.com\/index.php\/wp-json\/wp\/v2\/categories?post=20257"},{"taxonomy":"post_tag","embeddable":true,"href":"https:\/\/serbenidorm.daliisolutions.com\/index.php\/wp-json\/wp\/v2\/tags?post=20257"}],"curies":[{"name":"wp","href":"https:\/\/api.w.org\/{rel}","templated":true}]}}