{"id":20259,"date":"2025-11-26T11:10:18","date_gmt":"2025-11-26T10:10:18","guid":{"rendered":"https:\/\/serbenidorm.daliisolutions.com\/index.php\/2025\/11\/26\/el-sporting-la-nucia-se-despide-de-la-copa-del-rey\/"},"modified":"2025-11-26T11:10:18","modified_gmt":"2025-11-26T10:10:18","slug":"el-sporting-la-nucia-se-despide-de-la-copa-del-rey","status":"publish","type":"post","link":"https:\/\/serbenidorm.daliisolutions.com\/index.php\/2025\/11\/26\/el-sporting-la-nucia-se-despide-de-la-copa-del-rey\/","title":{"rendered":"El Sporting La Nuc\u00eda se despide de la Copa del Rey"},"content":{"rendered":" <p>El Sporting La Nuc\u00eda se despidi\u00f3 este martes de la Copa del Rey tras caer por 1-8 ante el Vi\u00f1a Albali Valdepe\u00f1as, uno de los equipos m\u00e1s potentes de la Primera Divisi\u00f3n de f\u00fatbol sala. Un marcador demasiado abultado para lo vivido en una primera mitad en la que los nucieros compitieron de t\u00fa a t\u00fa, generaron ocasiones claras y lograron sostener el empuje visitante hasta pr\u00e1cticamente el descanso. El encuentro, disputado en el pabell\u00f3n nuciero, deja sensaciones contrapuestas: resultado final muy duro, pero una imagen de enorme personalidad frente a un rival de m\u00e1xima categor\u00eda.<\/p>  <p>El partido comenz\u00f3 con intensidad desde el primer minuto. A los dos de juego, Carrasco adelant\u00f3 a Valdepe\u00f1as con el 0-1, un golpe que pod\u00eda haber marcado el rumbo del encuentro. Sin embargo, lejos de acusarlo, los de Dada dieron un paso al frente. El Sporting La Nuc\u00eda se solt\u00f3, presion\u00f3 arriba y empez\u00f3 a generar peligro. La primera acci\u00f3n clara lleg\u00f3 con Iv\u00e1n, que se plant\u00f3 en el \u00e1rea rival y asisti\u00f3 a Pipi, aunque el disparo termin\u00f3 en las manos de Vandeson.<\/p>  <p>Esa valent\u00eda nuciera tuvo premio. Manu rob\u00f3 un bal\u00f3n en campo contrario y recorri\u00f3 la banda para servir un pase perfecto a Ra\u00fal, que remat\u00f3 a placer para establecer el 1-1. El gol reflejaba lo que se ve\u00eda sobre la pista: una La Nuc\u00eda atrevida, sin complejos pese a la diferencia de categor\u00eda. La defensa local resist\u00eda las embestidas visitantes, mientras que Ra\u00fal y Muri obligaban a Vandeson a intervenir varias veces para evitar el segundo gol local.<\/p>  <p>Cuando mejor estaba La Nuc\u00eda, lleg\u00f3 el 1-2. Un disparo de Boyis, tocado por Iv\u00e1n, acab\u00f3 entrando pese al esfuerzo defensivo, justo antes del descanso. El equipo llegaba al intermedio vivo en la eliminatoria y con la sensaci\u00f3n de haber competido de manera sobresaliente durante 20 minutos.<\/p>  <p>Pero el inicio de la segunda parte fue un jarro de agua fr\u00eda. La Nuc\u00eda tuvo el empate nada m\u00e1s reanudarse el juego, en una ocasi\u00f3n clar\u00edsima de Miralles. Sin embargo, un minuto de desajustes defensivos cambi\u00f3 el rumbo del partido. En apenas dos minutos, Valdepe\u00f1as marc\u00f3 tres goles \u2014obra de Joao, Gustavao y Alex Fonseca\u2014 que pusieron el 1-6 en el marcador y rompieron definitivamente el duelo. La diferencia s\u00fabita oblig\u00f3 a Dada a pedir tiempo muerto para reordenar al equipo.<\/p>  <p>A pesar de la distancia, los nucieros no bajaron los brazos. Volvieron a competir, buscaron reducir diferencias y mantuvieron la intensidad, aunque la fortuna no les acompa\u00f1\u00f3 en las finalizaciones. El conjunto de Marlon aprovech\u00f3 para ampliar la renta con el 1-7 de Sin\u00e9sio y, en los \u00faltimos segundos, el 1-8 definitivo de Gustavao.<\/p>  <p>El Sporting Nuc\u00eda se despide as\u00ed de la Copa, pero lo hace con la satisfacci\u00f3n de haber demostrado en la primera mitad que puede competir con equipos de la \u00e9lite del f\u00fatbol sala nacional. La afici\u00f3n nuciera reconoci\u00f3 el esfuerzo con aplausos al final del encuentro, consciente de que el marcador final no refleja el buen rendimiento del equipo durante gran parte del choque.<\/p>  <p>Ahora, el conjunto de Dada centrar\u00e1 todos sus esfuerzos en la competici\u00f3n liguera, con la mirada puesta en seguir creciendo y optando a nuevos retos en una temporada en la que La Nuc\u00eda contin\u00faa mostrando ambici\u00f3n y evoluci\u00f3n en el f\u00fatbol sala.<\/p> ","protected":false},"excerpt":{"rendered":"<p>El equipo rojillo cay\u00f3 en los dieciseisavos de final por un claro 1-8 ante el Vi\u00f1a Albali de Primera Divisi\u00f3n<\/p>\n","protected":false},"author":0,"featured_media":20260,"comment_status":"","ping_status":"open","sticky":false,"template":"","format":"standard","meta":{"_acf_changed":false,"footnotes":""},"categories":[16],"tags":[],"class_list":["post-20259","post","type-post","status-publish","format-standard","has-post-thumbnail","hentry","category-deportes"],"acf":{"ser_id":"C6HEULXGGZGXPOJ4FX7ZSK74A4","ser_url":"https:\/\/cadenaser.com\/comunitat-valenciana\/2025\/11\/26\/el-sporting-la-nucia-se-despide-de-la-copa-del-rey-radio-benidorm\/"},"_links":{"self":[{"href":"https:\/\/serbenidorm.daliisolutions.com\/index.php\/wp-json\/wp\/v2\/posts\/20259","targetHints":{"allow":["GET"]}}],"collection":[{"href":"https:\/\/serbenidorm.daliisolutions.com\/index.php\/wp-json\/wp\/v2\/posts"}],"about":[{"href":"https:\/\/serbenidorm.daliisolutions.com\/index.php\/wp-json\/wp\/v2\/types\/post"}],"replies":[{"embeddable":true,"href":"https:\/\/serbenidorm.daliisolutions.com\/index.php\/wp-json\/wp\/v2\/comments?post=20259"}],"version-history":[{"count":0,"href":"https:\/\/serbenidorm.daliisolutions.com\/index.php\/wp-json\/wp\/v2\/posts\/20259\/revisions"}],"wp:featuredmedia":[{"embeddable":true,"href":"https:\/\/serbenidorm.daliisolutions.com\/index.php\/wp-json\/wp\/v2\/media\/20260"}],"wp:attachment":[{"href":"https:\/\/serbenidorm.daliisolutions.com\/index.php\/wp-json\/wp\/v2\/media?parent=20259"}],"wp:term":[{"taxonomy":"category","embeddable":true,"href":"https:\/\/serbenidorm.daliisolutions.com\/index.php\/wp-json\/wp\/v2\/categories?post=20259"},{"taxonomy":"post_tag","embeddable":true,"href":"https:\/\/serbenidorm.daliisolutions.com\/index.php\/wp-json\/wp\/v2\/tags?post=20259"}],"curies":[{"name":"wp","href":"https:\/\/api.w.org\/{rel}","templated":true}]}}