{"id":20277,"date":"2025-11-26T15:32:38","date_gmt":"2025-11-26T14:32:38","guid":{"rendered":"https:\/\/serbenidorm.daliisolutions.com\/index.php\/2025\/11\/26\/el-absentismo-laboral-en-los-hoteles-de-benidorm-y-la-comunitat-valenciana-enfrenta-a-patronal-y-sindicatos\/"},"modified":"2025-11-26T15:32:38","modified_gmt":"2025-11-26T14:32:38","slug":"el-absentismo-laboral-en-los-hoteles-de-benidorm-y-la-comunitat-valenciana-enfrenta-a-patronal-y-sindicatos","status":"publish","type":"post","link":"https:\/\/serbenidorm.daliisolutions.com\/index.php\/2025\/11\/26\/el-absentismo-laboral-en-los-hoteles-de-benidorm-y-la-comunitat-valenciana-enfrenta-a-patronal-y-sindicatos\/","title":{"rendered":"El absentismo laboral en los hoteles de Benidorm y la Comunitat Valenciana enfrenta a patronal y sindicatos"},"content":{"rendered":" <p>La patronal hotelera de Benidorm y la Comunitat Valenciana pone el foco en el absentismo laboral como un problema estrat\u00e9gico: HOSBEC asegura que \u00abno s\u00f3lo impacta en la calidad y eficiencia, sino que es un freno directo a la excelencia hotelera y empresarial\u00bb.<\/p>  <p>Este mi\u00e9rcoles han presentado un informe que muestra que <a href=\"https:\/\/cadenaser.com\/tag\/benidorm\/a\/\" target=\"_blank\" rel=\"nofollow\" title=\"https:\/\/cadenaser.com\/tag\/benidorm\/a\/\">el n\u00famero de trabajadores que no se presentan a su puesto de trabajo se ha incrementado desde la pandemia sin que haya, afirma, causas objetivas para ello<\/a>. <\/p>  <p>Maite Garc\u00eda, directora ejecutiva de la patronal, apunta por ejemplo que el crecimiento del absentismo est\u00e1 muy vinculado al aumento de las bajas por salud mental que han crecido, cifra el estudio, un 107%.<\/p>  <p>La industria hotelera lo tiene claro: el coste directo de las bajas laborales es conocido (pago de bajas, \u00a1horas extra de cobertura o carga administrativa), pero \u00abel verdadero da\u00f1o reside en el coste indirecto, el que no vemos en la n\u00f3mina, pero sentimos en el d\u00eda a d\u00eda. Cuando un empleado falta, el equipo presente se sobrecarga. Aumenta la fatiga, se dispara el estr\u00e9s y la motivaci\u00f3n cae en picado. Esto genera un c\u00edrculo vicioso, m\u00e1s sobrecarga hoy se traduce en m\u00e1s bajas ma\u00f1ana\u00bb.<\/p>  <p>Comisiones Obreras denuncia que con esta campa\u00f1a medi\u00e1tica los hoteleros ponen el foco en el fraude de los trabajadores o en la ineficiencia de los sistemas p\u00fablicos de salud para cuestionar los derechos laborales. <\/p>  <p>Patricia Carrillo, responsable de negociaci\u00f3n colectiva y acci\u00f3n sindical de la Federaci\u00f3n de Servicios del sindicato en la Comunitat, critica que \u00abdeslizan de forma encubierta la idea de la picaresca con el objetivo de cuestionar los derechos de la poblaci\u00f3n trabajadora y al mismo tiempo buscando ejercer un mayor control sobre nuestro tiempo y nuestra salud\u00bb.<\/p>  <p>En cualquier caso desde Comisiones Obreras tienden la mano a HOSBEC para trabajar en el punto com\u00fan de la prevenci\u00f3n. <\/p> ","protected":false},"excerpt":{"rendered":"<p>Para HOSBEC \u00abfrena la excelencia\u00bb y para Comisiones Obreras \u00abla salud no es una mercanc\u00eda\u00bb<\/p>\n","protected":false},"author":0,"featured_media":20278,"comment_status":"","ping_status":"open","sticky":false,"template":"","format":"standard","meta":{"_acf_changed":false,"footnotes":""},"categories":[1],"tags":[],"class_list":["post-20277","post","type-post","status-publish","format-standard","has-post-thumbnail","hentry","category-sin-categoria"],"acf":{"ser_id":"POBURERDWJGCFAD5BLFMDDCV24","ser_url":"https:\/\/cadenaser.com\/comunitat-valenciana\/2025\/11\/26\/el-absentismo-laboral-en-los-hoteles-de-benidorm-y-la-comunitat-valenciana-enfrenta-a-patronal-y-sindicatos-radio-benidorm\/"},"_links":{"self":[{"href":"https:\/\/serbenidorm.daliisolutions.com\/index.php\/wp-json\/wp\/v2\/posts\/20277","targetHints":{"allow":["GET"]}}],"collection":[{"href":"https:\/\/serbenidorm.daliisolutions.com\/index.php\/wp-json\/wp\/v2\/posts"}],"about":[{"href":"https:\/\/serbenidorm.daliisolutions.com\/index.php\/wp-json\/wp\/v2\/types\/post"}],"replies":[{"embeddable":true,"href":"https:\/\/serbenidorm.daliisolutions.com\/index.php\/wp-json\/wp\/v2\/comments?post=20277"}],"version-history":[{"count":0,"href":"https:\/\/serbenidorm.daliisolutions.com\/index.php\/wp-json\/wp\/v2\/posts\/20277\/revisions"}],"wp:featuredmedia":[{"embeddable":true,"href":"https:\/\/serbenidorm.daliisolutions.com\/index.php\/wp-json\/wp\/v2\/media\/20278"}],"wp:attachment":[{"href":"https:\/\/serbenidorm.daliisolutions.com\/index.php\/wp-json\/wp\/v2\/media?parent=20277"}],"wp:term":[{"taxonomy":"category","embeddable":true,"href":"https:\/\/serbenidorm.daliisolutions.com\/index.php\/wp-json\/wp\/v2\/categories?post=20277"},{"taxonomy":"post_tag","embeddable":true,"href":"https:\/\/serbenidorm.daliisolutions.com\/index.php\/wp-json\/wp\/v2\/tags?post=20277"}],"curies":[{"name":"wp","href":"https:\/\/api.w.org\/{rel}","templated":true}]}}