{"id":20279,"date":"2025-11-26T15:32:43","date_gmt":"2025-11-26T14:32:43","guid":{"rendered":"https:\/\/serbenidorm.daliisolutions.com\/index.php\/2025\/11\/26\/el-psoe-denuncia-el-bloqueo-en-la-gestion-del-parque-natural-de-serra-gelada\/"},"modified":"2025-11-26T15:32:43","modified_gmt":"2025-11-26T14:32:43","slug":"el-psoe-denuncia-el-bloqueo-en-la-gestion-del-parque-natural-de-serra-gelada","status":"publish","type":"post","link":"https:\/\/serbenidorm.daliisolutions.com\/index.php\/2025\/11\/26\/el-psoe-denuncia-el-bloqueo-en-la-gestion-del-parque-natural-de-serra-gelada\/","title":{"rendered":"El PSOE denuncia el bloqueo en la gesti\u00f3n del parque natural de Serra Gelada"},"content":{"rendered":" <p>El PSOE ha denunciado la \u00abparalizaci\u00f3n\u00bb en la gesti\u00f3n de los parques naturales la Serra Gelada, Penyal d&#8217;Ifac y Marjal Pego-Oliva, acusando al Consell de <a href=\"https:\/\/cadenaser.com\/tag\/benidorm\/a\/\" target=\"_blank\" rel=\"nofollow\" title=\"https:\/\/cadenaser.com\/tag\/benidorm\/a\/\">\u00abmantener bloqueadas sus Juntas Rectoras desde hace a\u00f1os\u00bb<\/a>. Las diputadas auton\u00f3micas Mayte Garc\u00eda y Charo Naval\u00f3n han criticado que el conseller de Medio Ambiente siga sin ofrecer explicaciones ni motive su negativa reiterada a convocar estos \u00f3rganos esenciales para la correcta planificaci\u00f3n y protecci\u00f3n de los espacios naturales m\u00e1s sensibles de la Comunitat Valenciana.<\/p>  <p>La denuncia se centra especialmente en el Parc Natural de la Serra Gelada, el m\u00e1s visitado del territorio valenciano y un enclave \u00fanico compartido por Benidorm, l&#8217;Alf\u00e0s del Pi y Altea. Un espacio que, seg\u00fan las diputadas, atraviesa un momento especialmente delicado en un a\u00f1o simb\u00f3lico, ya que en 2025 se conmemora el 20\u00ba aniversario de su declaraci\u00f3n como parque natural.<\/p>  <p>Mayte Garc\u00eda, tambi\u00e9n concejala en el Ayuntamiento de l&#8217;Alf\u00e0s del Pi, ha recordado que, pese a esta efem\u00e9ride, la Junta Rectora contin\u00faa sin reunirse. La \u00faltima convocatoria queda ya muy lejos, y desde entonces se han acumulado episodios que, a juicio del PSOE, requer\u00edan una coordinaci\u00f3n inmediata entre administraciones.<\/p>  <p>Entre ellos destacan los vertidos de aguas residuales en la zona mar\u00edtima del parque atribuidos a Benidorm, un incidente que llev\u00f3 a los ayuntamientos de l&#8217;Alf\u00e0s del Pi y Altea a solicitar de manera urgente una reuni\u00f3n de la Junta Rectora en enero de 2024. Un a\u00f1o despu\u00e9s, aseguran, nada se ha movido. \u00abEste 2025 tampoco han convocado la junta, pese a la evidente p\u00e9rdida de masa forestal y al aumento de riesgo de incendio derivado de esta situaci\u00f3n\u00bb, ha insistido Garc\u00eda.<\/p>  <p>A la falta de convocatorias se suma, seg\u00fan las diputadas, la ausencia de transparencia. En octubre, Garc\u00eda y Naval\u00f3n registraron una bater\u00eda de preguntas dirigida a la Conselleria para conocer las razones por las que ni Serra Gelada ni Penyal d&#8217;Ifac (en Calp) ni el Marjal Pego-Oliva han visto reunirse sus respectivos \u00f3rganos rectores en los \u00faltimos a\u00f1os.<\/p>  <p>Las preguntas tambi\u00e9n solicitaban informaci\u00f3n sobre el nombramiento de la presidencia de Serra Gelada, que todav\u00eda no se ha formalizado. Sin embargo, casi dos meses despu\u00e9s, el conseller de Medio Ambiente ha pedido una pr\u00f3rroga para responder, una decisi\u00f3n que para las diputadas supone \u00fanicamente \u00abganar tiempo sin aclarar nada\u00bb, lo que incrementa la preocupaci\u00f3n sobre el estado real de la gesti\u00f3n de estos espacios.<\/p>  <p><\/p>  <p><\/p>  <p><\/p> ","protected":false},"excerpt":{"rendered":"<p>La Conselleria de Medio Ambiente no convoca las Juntas Rectoras de Serra Gelada, Penyal d&#8217;Ifac y Marjal Pego-Oliva<\/p>\n","protected":false},"author":0,"featured_media":20280,"comment_status":"","ping_status":"open","sticky":false,"template":"","format":"standard","meta":{"_acf_changed":false,"footnotes":""},"categories":[1],"tags":[],"class_list":["post-20279","post","type-post","status-publish","format-standard","has-post-thumbnail","hentry","category-sin-categoria"],"acf":{"ser_id":"4XZL72KSL5HVDIFNVJ6HY7CRVU","ser_url":"https:\/\/cadenaser.com\/comunitat-valenciana\/2025\/11\/26\/el-psoe-denuncia-el-bloqueo-en-la-gestion-del-parque-natural-de-serra-gelada-radio-benidorm\/"},"_links":{"self":[{"href":"https:\/\/serbenidorm.daliisolutions.com\/index.php\/wp-json\/wp\/v2\/posts\/20279","targetHints":{"allow":["GET"]}}],"collection":[{"href":"https:\/\/serbenidorm.daliisolutions.com\/index.php\/wp-json\/wp\/v2\/posts"}],"about":[{"href":"https:\/\/serbenidorm.daliisolutions.com\/index.php\/wp-json\/wp\/v2\/types\/post"}],"replies":[{"embeddable":true,"href":"https:\/\/serbenidorm.daliisolutions.com\/index.php\/wp-json\/wp\/v2\/comments?post=20279"}],"version-history":[{"count":0,"href":"https:\/\/serbenidorm.daliisolutions.com\/index.php\/wp-json\/wp\/v2\/posts\/20279\/revisions"}],"wp:featuredmedia":[{"embeddable":true,"href":"https:\/\/serbenidorm.daliisolutions.com\/index.php\/wp-json\/wp\/v2\/media\/20280"}],"wp:attachment":[{"href":"https:\/\/serbenidorm.daliisolutions.com\/index.php\/wp-json\/wp\/v2\/media?parent=20279"}],"wp:term":[{"taxonomy":"category","embeddable":true,"href":"https:\/\/serbenidorm.daliisolutions.com\/index.php\/wp-json\/wp\/v2\/categories?post=20279"},{"taxonomy":"post_tag","embeddable":true,"href":"https:\/\/serbenidorm.daliisolutions.com\/index.php\/wp-json\/wp\/v2\/tags?post=20279"}],"curies":[{"name":"wp","href":"https:\/\/api.w.org\/{rel}","templated":true}]}}