{"id":20295,"date":"2025-11-27T11:06:38","date_gmt":"2025-11-27T10:06:38","guid":{"rendered":"https:\/\/serbenidorm.daliisolutions.com\/index.php\/2025\/11\/27\/el-balonmano-servigroup-benidorm-apuesta-por-la-juventud-con-uros-ostojic\/"},"modified":"2025-11-27T11:06:38","modified_gmt":"2025-11-27T10:06:38","slug":"el-balonmano-servigroup-benidorm-apuesta-por-la-juventud-con-uros-ostojic","status":"publish","type":"post","link":"https:\/\/serbenidorm.daliisolutions.com\/index.php\/2025\/11\/27\/el-balonmano-servigroup-benidorm-apuesta-por-la-juventud-con-uros-ostojic\/","title":{"rendered":"El Balonmano Servigroup Benidorm apuesta por la juventud con Uros Ostojic"},"content":{"rendered":" <p>Tras oficializar este lunes la marcha del angole\u00f1o Feliciano Nunes, el Club Balonmano Benidorm ha anunciado la llegada Uros Ostojic procedente del Tubos Aranda de Liga Asobal. A sus 20 a\u00f1os, el lateral izquierdo serbio se incorpora en calidad de cedido hasta final de temporada y de manera inmediata para reforzar a un equipo que esta misma semana afronta dos importantes compromisos, empezando el mi\u00e9rcoles (20:00 horas) ante el M\u00e1laga en partido aplazado de la Copa del Rey, y retomando la competici\u00f3n liguera el s\u00e1bado (19:30 horas) en la cancha del Alcobendas.<\/p>  <p>Con 1,97 de altura, el jugador natural de Sub\u00f3tica (Serbia), se une al proyecto benidormense tras aterrizar en Espa\u00f1a este mismo verano despu\u00e9s de formarse en las divisiones inferiores del Rakovica, donde brill\u00f3 con luz propia y fue se\u00f1alado como una de las grandes esperanzas del balonmano serbio de su generaci\u00f3n. <\/p>  <p>Tras lograr el t\u00edtulo nacional con su equipo, Ostojic dio el salto al RK Obilic, club con el que disput\u00f3 las \u00faltimas tres temporadas en la Arkus Liga, primera divisi\u00f3n serbia.<\/p>  <p>Una vez oficializada su llegada al Balonmano Servigroup Benidorm, el entrenador del equipo, Marko Kirvokapic explicaba que \u201cUrso es un chico muy joven y, a la vez, con mucho talento. Se trata de un jugador muy completo, capaz de aportar tanto en defensa como en el ataque\u201d. Sobre su llegada, el t\u00e9cnico reconoc\u00eda que \u201cnecesit\u00e1bamos un jugador que nos d\u00e9 calidad en esa posici\u00f3n y que nos d\u00e9 m\u00e1s opciones en el juego colectivo permiti\u00e9ndonos realizar menos cambios en las transiciones entre el ataque y la defensa\u201d.<\/p>  <p>Tras haber completado ya sus primeras sesiones de entrenamiento junto al resto de la plantilla, Uros Ostojic se encuentra podr\u00eda debutar, si Marko Krivokapic lo considera oportuno, este mismo s\u00e1bado en el partido que el Balonmano Servigroup Benidorm disputar\u00e1 ante el Alcobendas.<\/p> ","protected":false},"excerpt":{"rendered":"<p>El lateral izquierdo serbio se incorpora de manera inmediata al equipo procedente del Tubos Aranda de Asobal<\/p>\n","protected":false},"author":0,"featured_media":20296,"comment_status":"","ping_status":"open","sticky":false,"template":"","format":"standard","meta":{"_acf_changed":false,"footnotes":""},"categories":[16],"tags":[],"class_list":["post-20295","post","type-post","status-publish","format-standard","has-post-thumbnail","hentry","category-deportes"],"acf":{"ser_id":"EAYE6B5MFZHQNG64XNF3TB2WBE","ser_url":"https:\/\/cadenaser.com\/comunitat-valenciana\/2025\/11\/27\/el-balonmano-servigroup-benidorm-apuesta-por-la-juventud-con-uros-ostojic-radio-benidorm\/"},"_links":{"self":[{"href":"https:\/\/serbenidorm.daliisolutions.com\/index.php\/wp-json\/wp\/v2\/posts\/20295","targetHints":{"allow":["GET"]}}],"collection":[{"href":"https:\/\/serbenidorm.daliisolutions.com\/index.php\/wp-json\/wp\/v2\/posts"}],"about":[{"href":"https:\/\/serbenidorm.daliisolutions.com\/index.php\/wp-json\/wp\/v2\/types\/post"}],"replies":[{"embeddable":true,"href":"https:\/\/serbenidorm.daliisolutions.com\/index.php\/wp-json\/wp\/v2\/comments?post=20295"}],"version-history":[{"count":0,"href":"https:\/\/serbenidorm.daliisolutions.com\/index.php\/wp-json\/wp\/v2\/posts\/20295\/revisions"}],"wp:featuredmedia":[{"embeddable":true,"href":"https:\/\/serbenidorm.daliisolutions.com\/index.php\/wp-json\/wp\/v2\/media\/20296"}],"wp:attachment":[{"href":"https:\/\/serbenidorm.daliisolutions.com\/index.php\/wp-json\/wp\/v2\/media?parent=20295"}],"wp:term":[{"taxonomy":"category","embeddable":true,"href":"https:\/\/serbenidorm.daliisolutions.com\/index.php\/wp-json\/wp\/v2\/categories?post=20295"},{"taxonomy":"post_tag","embeddable":true,"href":"https:\/\/serbenidorm.daliisolutions.com\/index.php\/wp-json\/wp\/v2\/tags?post=20295"}],"curies":[{"name":"wp","href":"https:\/\/api.w.org\/{rel}","templated":true}]}}