{"id":20297,"date":"2025-11-27T14:09:04","date_gmt":"2025-11-27T13:09:04","guid":{"rendered":"https:\/\/serbenidorm.daliisolutions.com\/index.php\/2025\/11\/27\/perez-llorca-llega-a-su-investidura-como-president-de-la-generalitat-sin-ningun-acuerdo-cerrado-con-ninguna-formacion-y-con-mazon-ausente-durante-su-discurso\/"},"modified":"2025-11-27T14:09:04","modified_gmt":"2025-11-27T13:09:04","slug":"perez-llorca-llega-a-su-investidura-como-president-de-la-generalitat-sin-ningun-acuerdo-cerrado-con-ninguna-formacion-y-con-mazon-ausente-durante-su-discurso","status":"publish","type":"post","link":"https:\/\/serbenidorm.daliisolutions.com\/index.php\/2025\/11\/27\/perez-llorca-llega-a-su-investidura-como-president-de-la-generalitat-sin-ningun-acuerdo-cerrado-con-ninguna-formacion-y-con-mazon-ausente-durante-su-discurso\/","title":{"rendered":"P\u00e9rez Llorca llega a su investidura como president de la Generalitat \u00absin ning\u00fan acuerdo cerrado con ninguna formaci\u00f3n\u00bb y con Maz\u00f3n ausente durante su discurso"},"content":{"rendered":" <p>El debate de investidura de Juanfran P\u00e9rez Llorca, candidato del PP y \u00fanico aspirante a relevar a Carlos Maz\u00f3n como &#8216;president&#8217; de la Generalitat, ha comenzado a las 11.05 horas de este jueves en Les Corts Valencianes, donde se vive una intensa jornada a la espera de que Vox concrete si da o no su apoyo al &#8216;popular&#8217;.<\/p>  <p><a href=\"https:\/\/cadenaser.com\/comunitat-valenciana\/2025\/11\/27\/perez-llorca-asume-las-medidas-de-vox-en-su-discurso-y-anuncia-que-pedira-perdon-a-las-victimas-de-la-dana-radio-valencia\/\" target=\"_blank\" rel=\"noreferrer\" title=\"https:\/\/cadenaser.com\/comunitat-valenciana\/2025\/11\/27\/perez-llorca-asume-las-medidas-de-vox-en-su-discurso-y-anuncia-que-pedira-perdon-a-las-victimas-de-la-dana-radio-valencia\/\">En sus primeras palabras ante el hemiciclo<\/a>, que ha realizado en valenciano, el candidato ha defendido que \u00abes importante que los valencianos conozcan el prop\u00f3sito, los principios y valores que inspiran\u00bb su candidatura, que ha subrayado que es \u00abpara todos los valencianos\u00bb. \u00abMi prop\u00f3sito no es otro que continuar con el cambio que empez\u00f3 en 2023, un cambio que ha permitido poner en marcha un proyecto pol\u00edtico que ha de continuar mirando al futuro\u00bb, ha aseverado.<\/p>  <p>P\u00e9rez Llorca ha asegurado que su candidatura se base en \u00abhumildad, trabajo, serenidad y convicci\u00f3n de que la Comunitat Valenciana merece toda la estabilidad que podamos darle\u00bb. Para ello ha pedido el apoyo de Les Corts, \u00abporque en democracia parlamentaria no se puede gobernar de espaldas al parlamento\u00bb.<\/p>  <p>Y ha recalcado: \u00abVengo sin ning\u00fan acuerdo cerrado con ninguna formaci\u00f3n pol\u00edtica, pero con la determinaci\u00f3n de acabar esta sesi\u00f3n con un pacto que asegure la gobernabilidad de las instituciones y la estabilidad de la legislatura sobre una mayor\u00eda parlamentaria real que ha funcionado\u00bb.<\/p>  <p>Tambi\u00e9n ha asegurado este jueves en su debate de investidura que, si es elegido president, sus primera palabras en el cargo ser\u00e1n para \u00abpedir perd\u00f3n\u00bb a las familias de las 229 v\u00edctimas mortales de la DANA del 29 de octubre de 2024.<\/p>  <p>\u00abS\u00ed se\u00f1or\u00edas, pedir perd\u00f3n. Perd\u00f3n a todas las personas y familias que a\u00fan sufren las consecuencias de las riadas del 29 de octubre, a aquellas que lo perdieron todo y a aquellas que perdieron demasiado\u00bb, ha aseverado en su discurso ante Les Corts Valencianes.<\/p>  <p>A su juicio, \u00abha sobrado mucha gresca y mucho insulto\u00bb, de manera que si es elegido president pedir\u00e1 perd\u00f3n en nombre de la Generalitat, pero exigir\u00e1 lo mismo de otras Administraciones \u00abpor todas las v\u00edas que sean posibles\u00bb, pues el Gobierno de Espa\u00f1a \u00aba\u00fan no ha reconocido ning\u00fan error, no ha dado explicaciones y no ha asumido ninguna responsabilidad\u00bb.<\/p>  <p>El tambi\u00e9n secretario general del PP de la Comunitat Valenciana ha insistido en que, desde \u00abla m\u00e1s absoluta humildad\u00bb, hay que pedir perd\u00f3n porque las Administraciones \u00abno han estado a la altura que merec\u00edan todos los ciudadanos\u00bb.<\/p>  <p>El discurso de P\u00e9rez Llorca, que no tiene l\u00edmite de tiempo en su intervenci\u00f3n inicial, est\u00e1 rodeado de una gran expectaci\u00f3n porque el PP necesita el apoyo de Vox para investir a su candidato, dado que no cuenta con mayor\u00eda absoluta, y los de Santiago Abascal todav\u00eda no han explicitado cu\u00e1l ser\u00e1 su voto.<\/p>  <p>V\u00edctimas de la DANA del 29 de octubre de 2024, junto a entidades que las han apoyado estos trece meses, han protestado ante Les Corts Valencianes contra la investidura de Juanfran P\u00e9rez Llorca como president de la Generalitat con un mu\u00f1eco con la cara del candidato que han estrenado este jueves.<\/p>  <p>Durante la concentraci\u00f3n, organizada por la plataforma Acord Social Valenci\u00e0, se han coreado consignas como &#8216;Llorca y Maz\u00f3n, la mateixa merda s\u00f3n&#8217; y &#8216;Maz\u00f3n asesina, Abascal apadrina&#8217;, junto con cuatro pancartas de l&#8217;Acord Social Valenci\u00e0, CGT y asociaciones de v\u00edctimas.<\/p>  <p>En el centro de la protesta, a la que asiste un centenar de personas, han situado un altavoz para seguir el discurso de Juanfran P\u00e9rez Llorca a trav\u00e9s de la emisi\u00f3n radiof\u00f3nica, y tras una de las pancartas un mu\u00f1eco de cart\u00f3n con la cara del candidato y las manos manchadas de sangre, igual que la que han exhibido en otras protestas y manifestaciones con la imagen de Maz\u00f3n.<\/p>  <p><a href=\"https:\/\/cadenaser.com\/comunitat-valenciana\/2025\/11\/27\/rosa-alvarez-sobre-el-discurso-de-perez-llorca-cuando-nos-diga-por-que-nos-quiere-pedir-perdon-veremos-radio-valencia\/\" target=\"_blank\" rel=\"noreferrer\" title=\"https:\/\/cadenaser.com\/comunitat-valenciana\/2025\/11\/27\/rosa-alvarez-sobre-el-discurso-de-perez-llorca-cuando-nos-diga-por-que-nos-quiere-pedir-perdon-veremos-radio-valencia\/\">La presidenta de la Asociaci\u00f3n de V\u00edctima Mortales, Rosa \u00c1lvarez<\/a>, ha afirmado que del \u00absustituto P\u00e9rez\u00bb esperan \u00ablo mismo o peor\u00bb que su antecesor, porque va a aumentar el \u00ababrazo a la ultraderecha\u00bb y ha augurado que su discurso va a ser \u00bb todav\u00eda m\u00e1s racista, m\u00e1s hom\u00f3fobo y contra las pol\u00edticas feministas y el Pacto Verde\u00bb.<\/p>  <p>\u00abEsas pol\u00edticas mataron a nuestros familiares\u00bb, ha se\u00f1alado \u00c1lvarez, quien ha dicho que no espera que el candidato aluda a las v\u00edctimas y ha asegurado que las \u00faltimas noticias que han conocido sobre lo que hizo Maz\u00f3n la tarde de la dana les han producido \u00abmuch\u00edsimo dolor\u00bb y tienen que \u00abpagar y todas las personas que fueron responsables de esa gesti\u00f3n dolosa\u00bb.<\/p>  <p>La vicepresidenta de la Asociaci\u00f3n de V\u00edctimas Mortales, Carmina Gil, ha indicado que P\u00e9rez Llorca es \u00abuna escisi\u00f3n de Maz\u00f3n\u00bb y que un a\u00f1o despu\u00e9s de la tragedia en la que murieron 229 personas en Valencia no les sirve el perd\u00f3n \u00abni del pr\u00f3ximo president ni de nadie que haya estado involucrado en la gesti\u00f3n\u00bb de estos meses, por lo que esperan \u00abpoco o nada\u00bb de su discurso.<\/p>  <p>Dolores Ruiz, quien perdi\u00f3 a su marido y dos hijos en las inundaciones, ha dicho que P\u00e9rez Llorca es \u00abotro que no da la cara\u00bb y ha calificado a los pol\u00edticos de \u00absinverg\u00fcenzas\u00bb, y ha reclamado justicia y que Maz\u00f3n deje su acta de aforado para que la jueza de la dana pueda llamarlo a declarar. \u00abTodas las mentiras que dice son una perla\u00bb, ha criticado.<\/p>  <p>El president de la Generalitat en funciones, Carlos Maz\u00f3n, <a href=\"https:\/\/cadenaser.com\/comunitat-valenciana\/2025\/11\/27\/mazon-no-acude-al-pleno-de-investidura-para-dar-el-maximo-protagonismo-al-candidato-radio-valencia\/\" target=\"_blank\" rel=\"noreferrer\" title=\"https:\/\/cadenaser.com\/comunitat-valenciana\/2025\/11\/27\/mazon-no-acude-al-pleno-de-investidura-para-dar-el-maximo-protagonismo-al-candidato-radio-valencia\/\">ha justificado su ausencia en el pleno de investidura de este jueves<\/a> de Juanfran P\u00e9rez Llorca como su sustituto en que hoy \u00abes fundamental que este proceso se desarrolle con el m\u00e1ximo protagonismo para el candidato, respetando as\u00ed el curso natural del debate\u00bb.<\/p>  <blockquote class=\"twitter-tweet\"><p lang=\"es\" dir=\"ltr\">Hoy es fundamental que este proceso se desarrolle con el m\u00e1ximo protagonismo para el candidato, respetando as\u00ed el curso natural del debate; por ello he decidido acudir al pleno una vez finalicen las intervenciones de los grupos.<\/p>&mdash; Carlos Maz\u00f3n (@carlos_mazon_) <a href=\"https:\/\/twitter.com\/carlos_mazon_\/status\/1993990860258542052?ref_src=twsrc%5Etfw\">November 27, 2025<\/a><\/blockquote>\n&lt;\/script&gt;\n\n  <p>En su cuenta de X, Maz\u00f3n ha explicado que por ello ha decidido acudir al pleno de Les Corts Valencianes \u00abuna vez finalicen las intervenciones de los grupos\u00bb y antes de la votaci\u00f3n de la candidatura de P\u00e9rez Llorca, prevista para esta tarde.<\/p>  <p>Por este motivo, en la bancada del Gobierno en el hemiciclo de Les Corts est\u00e1n los consellers pero est\u00e1 vac\u00edo el esca\u00f1o del dimitido president.<\/p>  <p>La l\u00edder del PSPV y ministra de Ciencia, Diana Morant, y el s\u00edndic de Comprom\u00eds en Les Corts, Joan Baldov\u00ed, <a href=\"https:\/\/cadenaser.com\/comunitat-valenciana\/2025\/11\/27\/perez-llorca-asume-las-medidas-de-vox-en-su-discurso-y-anuncia-que-pedira-perdon-a-las-victimas-de-la-dana-radio-valencia\/\" target=\"_blank\" rel=\"noreferrer\" title=\"https:\/\/cadenaser.com\/comunitat-valenciana\/2025\/11\/27\/perez-llorca-asume-las-medidas-de-vox-en-su-discurso-y-anuncia-que-pedira-perdon-a-las-victimas-de-la-dana-radio-valencia\/\">han mostrado su rechazo a la investidura del candidato del PP<\/a> y \u00fanico aspirante a relevar a Carlos Maz\u00f3n como &#8216;president&#8217; de la Generalitat, Juanfran P\u00e9rez Llorca, que han calificado de \u00abinvestidura fake\u00bb, y han cargado contra el dirigente &#8216;popular&#8217;, \u00abJuanfran Maz\u00f3n\u00bb.<\/p>  <p>De un lado, la secretaria general del PSPV y ministra de Ciencia, Innovaci\u00f3n y Universidades, Diana Morant, en declaraciones a los medios a las puertas de Les Corts, ha asegurado que la de P\u00e9rez Llorca es una \u00abinvestidura &#8216;fake'\u00bb: \u00abSi el PP nos present\u00f3 una dimisi\u00f3n &#8216;fake&#8217; de Maz\u00f3n, hoy nos presentan una investidura &#8216;fake&#8217;. Es de nuevo una mentira para los valencianos y las valencianas\u00bb.<\/p>  <p>Por su parte, el s\u00edndic de Comprom\u00eds, Joan Baldov\u00ed, ha manifestado que lo \u00fanico que esperan de la investidura es que \u00abel Partido Popular acabe sucumbiendo a las exigencias de la extrema derecha y que Juanfran Maz\u00f3n sea investido &#8216;presidente'\u00bb.<\/p>  <p>\u00abSer\u00e1 la continuidad\u00bb, ha augurado, pero ha defendido que \u00abla soluci\u00f3n, evidentemente, no est\u00e1 en que invistamos a una persona que es como un Maz\u00f3n punto dos\u00bb.<\/p>  <p>El candidato del PP ha llegado sobre las 09.50 horas de este jueves a Les Corts para enfrentarse al debate de investidura y ha asegurado que durante la sesi\u00f3n va a \u00abproponer\u00bb sus ideas, al tiempo que ha incidido en que en este momento en la Comunitat Valenciana \u00ablo que necesitamos es much\u00edsima estabilidad\u00bb.<\/p>  <p>As\u00ed lo ha manifestado, al ser preguntado por los medios a su llegada sobre si hay acuerdo con Vox para sacar adelante su investidura. \u00abLo van a ver ustedes en el hemiciclo\u00bb, ha emplazado el tambi\u00e9n secretario general del PPCV, que ha accedido &#8211;\u00e9l solo, sin asesores&#8211; a Les Corts por el edificio de grupos parlamentarios.<\/p>  <p>\u00abVoy a proponer mis ideas y el que quiera, que las apoye\u00bb, ha expresado, al tiempo que ha hecho hincapi\u00e9 en que \u00abahora lo que necesitamos en la Comunitat es much\u00edsima estabilidad\u00bb. \u00abY eso voy a buscar yo, esa es la misi\u00f3n que me piden: buscar estabilidad\u00bb, ha a\u00f1adido. \u00abLo vamos a ver en unos minutos\u00bb, ha deslizado al ser preguntado por los apoyos de Vox.<\/p>  <p>El candidato del PP a relevar a Carlos Maz\u00f3n al frente de la Generalitat y \u00fanico aspirante, Juanfran P\u00e9rez Llorca, se somete este jueves al debate de investidura en Les Corts, una sesi\u00f3n a la que asistir\u00e1 el todav\u00eda &#8216;president&#8217; en funciones y en la que no habr\u00e1 ning\u00fan representante de la direcci\u00f3n nacional del Partido Popular.<\/p>  <p>P\u00e9rez Llorca, actual secretario general del PPCV, hasta hace unos d\u00edas s\u00edndic &#8216;popular&#8217; en Les Corts y tambi\u00e9n alcalde de Finestrat (Alicante), aspira a lograr la presidencia de la Generalitat con el apoyo de Vox, dado que el PP no cuenta con mayor\u00eda absoluta y tanto PSPV como Comprom\u00eds votar\u00e1n en contra.<\/p>  <p>Por el momento, el partido de Santiago Abascal ha evitado confirmar su apoyo al candidato, alegando que quiere ver \u00abexactamente cu\u00e1l es la posici\u00f3n y los compromisos\u00bb que asume con los ciudadanos en su discurso. Vox ya hab\u00eda avisado de que apurar\u00eda hasta el \u00faltimo momento el sentido de su voto para asegurarse de que el PP cumple \u00edntegramente con sus condiciones, que se concretan en un rechazo a las pol\u00edticas ecol\u00f3gicas, a la inmigraci\u00f3n ilegal y la construcci\u00f3n de presas y diques para evitar nuevas tragedias como la de la DANA.<\/p>  <p>Les Corts Valencianes celebran este jueves el pleno para la investidura del candidato del PP, Juanfran P\u00e9rez Llorca, como nuevo president de la Generalitat en sustituci\u00f3n de Carlos Maz\u00f3n, a la espera de que desvele el sentido de su voto Vox, cuyo respaldo es necesario para ser elegido.<\/p>  <p>Los 13 diputados de Vox son decisivos porque sumados a los 40 del PP suponen la mayor\u00eda absoluta en el Parlamento valenciano, si bien en los \u00faltimos d\u00edas han se\u00f1alado que esperar\u00e1n a escuchar el discurso del secretario general del PPCV -cuyo inicio est\u00e1 previsto para las 11 horas- para decidir si le dan su voto afirmativo.<\/p>  <p>Tras el discurso habr\u00e1 un receso, tras el que intervendr\u00e1n los s\u00edndics de los grupos durante media hora cada uno, empezando por el socialista, Jos\u00e9 Mu\u00f1oz, a quien seguir\u00e1n el de Comprom\u00eds, Joan Baldov\u00ed, el de Vox, Jos\u00e9 Mar\u00eda Llanos, todos con sus correspondientes r\u00e9plicas, y finalmente el del PP, Nando Pastor.<\/p>  <p>Acabado el debate, la presidenta de Les Corts, Llanos Mass\u00f3 (Vox), anunciar\u00e1 la hora de la votaci\u00f3n, que ser\u00e1 p\u00fablica por llamamiento -se nombra a cada diputado para que responda &#8216;s\u00ed&#8217;, &#8216;no&#8217; o &#8216;abstenci\u00f3n&#8217;-, y suspender\u00e1 la sesi\u00f3n hasta entonces.<\/p>  <p>Una vez reanudada, se sacar\u00e1 una bola que marcar\u00e1 cu\u00e1l de los 99 diputado ser\u00e1 el primero en votar, a partir del cual se les ir\u00e1 llamando por orden alfab\u00e9tico del apellido, dejando para el final a los miembros del Consell que son diputados (solo lo es Maz\u00f3n) y a la Mesa de Les Corts.<\/p>  <p>En primera votaci\u00f3n, P\u00e9rez Llorca necesita para ser elegido mayor\u00eda absoluta (50 esca\u00f1os), que obtendr\u00eda si adem\u00e1s de los 40 diputados del PP le apoyan los 13 de Vox. Socialistas y Comprom\u00eds, que suman 46 diputados, han anunciado su voto negativo.<\/p>  <p>En caso de no obtenerla, el s\u00e1bado habr\u00eda una nueva votaci\u00f3n, en la que bastar\u00eda mayor\u00eda simple. Si entonces tampoco se lograra la confianza para la investidura, habr\u00eda un plazo de dos meses desde la primera votaci\u00f3n para intentarlo, pasado el cual se disolver\u00edan Les Corts y se convocar\u00edan elecciones.<\/p>  <p>Una vez el Bolet\u00edn Oficial del Estado (BOE) publique su nombramiento por el rey, habr\u00e1 un nuevo pleno de Les Corts para que P\u00e9rez Llorca prometa o jure el cargo de president y formule una &#8216;Proposici\u00f3&#8217; sobre su programa de gobierno, que no ser\u00e1 objeto de debate<\/p>  <p><i>Sigue toda la \u00faltima hora en el canal de Whatsapp de Radio Valencia:<\/i><a href=\"https:\/\/eur01.safelinks.protection.outlook.com\/?url=https%3A%2F%2Fwhatsapp.com%2Fchannel%2F0029VaHjyqSFHWq2Q3iHB33R&amp;data=05%7C02%7CADuran%40prisaradio.com%7C02ea95022c714975f8a308dc815e6812%7Cc4fd49f3e15a44d882e2c909735d2e45%7C0%7C0%7C638527489700967202%7CUnknown%7CTWFpbGZsb3d8eyJWIjoiMC4wLjAwMDAiLCJQIjoiV2luMzIiLCJBTiI6Ik1haWwiLCJXVCI6Mn0%3D%7C0%7C%7C%7C&amp;sdata=bDP1arXEhYFoHtvYLOEppFDnR6On2zoB2LqKP8VJn%2Fo%3D&amp;reserved=0\" target=\"_blank\" rel=\"nofollow\" title=\"Direcci\u00f3n URL original: https:\/\/whatsapp.com\/channel\/0029VaHjyqSFHWq2Q3iHB33R. Haga clic o pulse si conf\u00eda en este v\u00ednculo.\"><i>haz clic aqu\u00ed y suscr\u00edbete<\/i><\/a><i> para recibir toda la informaci\u00f3n y la actualidad del d\u00eda en tu m\u00f3vil.<\/i><\/p> ","protected":false},"excerpt":{"rendered":"<p>Pero asegura que tiene \u00abla determinaci\u00f3n de acabar esta sesi\u00f3n con un pacto que asegure la gobernabilidad\u00bb<\/p>\n","protected":false},"author":0,"featured_media":20298,"comment_status":"","ping_status":"open","sticky":false,"template":"","format":"standard","meta":{"_acf_changed":false,"footnotes":""},"categories":[1],"tags":[],"class_list":["post-20297","post","type-post","status-publish","format-standard","has-post-thumbnail","hentry","category-sin-categoria"],"acf":{"ser_id":"CVPHD74IY5A6ZONGAK3XSEXHZQ","ser_url":"https:\/\/cadenaser.com\/comunitat-valenciana\/2025\/11\/27\/les-corts-celebran-la-investidura-de-perez-llorca-a-la-espera-de-conocer-el-voto-de-vox-radio-valencia\/"},"_links":{"self":[{"href":"https:\/\/serbenidorm.daliisolutions.com\/index.php\/wp-json\/wp\/v2\/posts\/20297","targetHints":{"allow":["GET"]}}],"collection":[{"href":"https:\/\/serbenidorm.daliisolutions.com\/index.php\/wp-json\/wp\/v2\/posts"}],"about":[{"href":"https:\/\/serbenidorm.daliisolutions.com\/index.php\/wp-json\/wp\/v2\/types\/post"}],"replies":[{"embeddable":true,"href":"https:\/\/serbenidorm.daliisolutions.com\/index.php\/wp-json\/wp\/v2\/comments?post=20297"}],"version-history":[{"count":0,"href":"https:\/\/serbenidorm.daliisolutions.com\/index.php\/wp-json\/wp\/v2\/posts\/20297\/revisions"}],"wp:featuredmedia":[{"embeddable":true,"href":"https:\/\/serbenidorm.daliisolutions.com\/index.php\/wp-json\/wp\/v2\/media\/20298"}],"wp:attachment":[{"href":"https:\/\/serbenidorm.daliisolutions.com\/index.php\/wp-json\/wp\/v2\/media?parent=20297"}],"wp:term":[{"taxonomy":"category","embeddable":true,"href":"https:\/\/serbenidorm.daliisolutions.com\/index.php\/wp-json\/wp\/v2\/categories?post=20297"},{"taxonomy":"post_tag","embeddable":true,"href":"https:\/\/serbenidorm.daliisolutions.com\/index.php\/wp-json\/wp\/v2\/tags?post=20297"}],"curies":[{"name":"wp","href":"https:\/\/api.w.org\/{rel}","templated":true}]}}