{"id":20299,"date":"2025-11-27T14:09:07","date_gmt":"2025-11-27T13:09:07","guid":{"rendered":"https:\/\/serbenidorm.daliisolutions.com\/index.php\/2025\/11\/27\/el-reggaeton-seguira-siendo-protagonista-del-verano-en-benidorm\/"},"modified":"2025-11-27T14:09:07","modified_gmt":"2025-11-27T13:09:07","slug":"el-reggaeton-seguira-siendo-protagonista-del-verano-en-benidorm","status":"publish","type":"post","link":"https:\/\/serbenidorm.daliisolutions.com\/index.php\/2025\/11\/27\/el-reggaeton-seguira-siendo-protagonista-del-verano-en-benidorm\/","title":{"rendered":"El reggaet\u00f3n seguir\u00e1 siendo protagonista del verano en Benidorm"},"content":{"rendered":" <p>Latin Fest anuncia oficialmente su llegada a Benidorm como nueva sede del festival. Tras consolidarse como uno de los eventos urbanos m\u00e1s destacados del pa\u00eds, el festival ampl\u00eda su recorrido con una nueva edici\u00f3n en Benidorm, que se suma a la tradicional cita de Valencia, prevista para el 18 de julio en el Estadio Ciudad de Valencia.<\/p>  <p>Benidorm se convertir\u00e1 el pr\u00f3ximo verano de 2026 en una de las grandes capitales musicales urbanas del Mediterr\u00e1neo, acogiendo por primera vez el festival los d\u00edas 4 y 5 de julio en el recinto Benidorm SKYFEST (<a href=\"https:\/\/cadenaser.com\/tag\/benidorm\/a\/\" target=\"_blank\" rel=\"nofollow\" title=\"https:\/\/cadenaser.com\/tag\/benidorm\/a\/\">Ciudad Deportiva Guillermo Amor<\/a>). <\/p>  <p>La previsi\u00f3n de asistencia supera los 50.000 espectadores a lo largo del fin de semana. Desde su nacimiento en Valencia en 2017, Latin Fest ha evolucionado hasta consolidarse como un referente nacional, acercando a su p\u00fablico un cartel internacional de primer nivel y situ\u00e1ndose entre las propuestas urbanas m\u00e1s influyentes del pa\u00eds.<\/p>  <p>A lo largo de estos a\u00f1os, el festival ha reunido en sus escenarios a algunos de los mayores artistas de la escena latina y urbana: Bad Bunny, Daddy Yankee, Eladio Carri\u00f3n, Arc\u00e1ngel, Feid, Myke Towers, Mora, Jhayco, Emilia Mernes o Be\u00e9le, entre muchos otros.<\/p>  <p>Nombres que encabezan listas globales, dominan plataformas digitales y representan el mayor impacto musical del momento. La incorporaci\u00f3n de Benidorm supone un avance estrat\u00e9gico tanto para la marca como para la ciudad, que cuenta con una infraestructura hotelera amplia, una s\u00f3lida tradici\u00f3n festivalera y excelentes conexiones para recibir a los asistentes previstos. El Benidorm<\/p>  <p>SKYFEST permitir\u00e1 elevar la producci\u00f3n del evento y ofrecer una experiencia completa de fin de semana con m\u00fasica, playa y ocio. El impacto econ\u00f3mico estimado superar\u00e1 los 10 millones de euros, generando m\u00e1s de 1.000 empleos directos e indirectos entre producci\u00f3n, montaje, log\u00edstica, seguridad, restauraci\u00f3n y servicios asociados.<\/p> ","protected":false},"excerpt":{"rendered":"<p>SKYFEST Benidorm confirma la llegada del Latin Fest a la ciudad el 4 y 5 de julio<\/p>\n","protected":false},"author":0,"featured_media":20300,"comment_status":"","ping_status":"open","sticky":false,"template":"","format":"standard","meta":{"_acf_changed":false,"footnotes":""},"categories":[1],"tags":[],"class_list":["post-20299","post","type-post","status-publish","format-standard","has-post-thumbnail","hentry","category-sin-categoria"],"acf":{"ser_id":"LMD7QGOCVJCCVEMDZSUPMBH6TY","ser_url":"https:\/\/cadenaser.com\/comunitat-valenciana\/2025\/11\/27\/el-reggaeton-seguira-siendo-protagonista-del-verano-en-benidorm-radio-benidorm\/"},"_links":{"self":[{"href":"https:\/\/serbenidorm.daliisolutions.com\/index.php\/wp-json\/wp\/v2\/posts\/20299","targetHints":{"allow":["GET"]}}],"collection":[{"href":"https:\/\/serbenidorm.daliisolutions.com\/index.php\/wp-json\/wp\/v2\/posts"}],"about":[{"href":"https:\/\/serbenidorm.daliisolutions.com\/index.php\/wp-json\/wp\/v2\/types\/post"}],"replies":[{"embeddable":true,"href":"https:\/\/serbenidorm.daliisolutions.com\/index.php\/wp-json\/wp\/v2\/comments?post=20299"}],"version-history":[{"count":0,"href":"https:\/\/serbenidorm.daliisolutions.com\/index.php\/wp-json\/wp\/v2\/posts\/20299\/revisions"}],"wp:featuredmedia":[{"embeddable":true,"href":"https:\/\/serbenidorm.daliisolutions.com\/index.php\/wp-json\/wp\/v2\/media\/20300"}],"wp:attachment":[{"href":"https:\/\/serbenidorm.daliisolutions.com\/index.php\/wp-json\/wp\/v2\/media?parent=20299"}],"wp:term":[{"taxonomy":"category","embeddable":true,"href":"https:\/\/serbenidorm.daliisolutions.com\/index.php\/wp-json\/wp\/v2\/categories?post=20299"},{"taxonomy":"post_tag","embeddable":true,"href":"https:\/\/serbenidorm.daliisolutions.com\/index.php\/wp-json\/wp\/v2\/tags?post=20299"}],"curies":[{"name":"wp","href":"https:\/\/api.w.org\/{rel}","templated":true}]}}