{"id":20316,"date":"2025-11-27T17:59:25","date_gmt":"2025-11-27T16:59:25","guid":{"rendered":"https:\/\/serbenidorm.daliisolutions.com\/index.php\/2025\/11\/27\/nati-algado-sera-la-alcaldesa-de-finestrat-en-sustitucion-de-juanfran-perez-llorca\/"},"modified":"2025-11-27T17:59:25","modified_gmt":"2025-11-27T16:59:25","slug":"nati-algado-sera-la-alcaldesa-de-finestrat-en-sustitucion-de-juanfran-perez-llorca","status":"publish","type":"post","link":"https:\/\/serbenidorm.daliisolutions.com\/index.php\/2025\/11\/27\/nati-algado-sera-la-alcaldesa-de-finestrat-en-sustitucion-de-juanfran-perez-llorca\/","title":{"rendered":"Nati Algado ser\u00e1 la alcaldesa de Finestrat en sustituci\u00f3n de Juanfran P\u00e9rez Llorca"},"content":{"rendered":" <p>La primera teniente de alcalde y portavoz del gobierno local en el Ayuntamiento de Finestrat ser\u00e1, como todo apuntaba, la sucesora de <a href=\"https:\/\/cadenaser.com\/comunitat-valenciana\/2025\/11\/27\/les-corts-celebran-la-investidura-de-perez-llorca-a-la-espera-de-conocer-el-voto-de-vox-radio-valencia\/\" target=\"_blank\" rel=\"nofollow\" title=\"https:\/\/cadenaser.com\/comunitat-valenciana\/2025\/11\/27\/les-corts-celebran-la-investidura-de-perez-llorca-a-la-espera-de-conocer-el-voto-de-vox-radio-valencia\/\">Juanfran P\u00e9rez Llorca<\/a> como alcaldesa de este peque\u00f1o pueblo de la comarca alicantina de la Marina Baixa donde el inminente president de la Generalitat Valenciana llevaba gobernando una d\u00e9cada, en la actualidad con mayor\u00eda absoluta.<\/p>  <p>Algado es licenciada en Medicina y Cirug\u00eda por la Universidad Miguel Hern\u00e1ndez de Elche (UMH) y Doctora en Ciencias de la Salud por la Universidad de Alicante (UA). <\/p>  <p>Su padre es precisamente el antecesor de Juanfran P\u00e9rez Llorca, Honorato Algado, cuyo mandato qued\u00f3 marcado por un tr\u00e1gico episodio ocurrido el 21 de octubre de 2011. <\/p>  <p>Aquel d\u00eda, unas intensas lluvias provocaron la crecida del barranco que desemboca en la Cala de Finestrat, arrastrando a Kenneth y Mary Hall, un matrimonio brit\u00e1nico que se encontraba en el mercadillo de la zona, y caus\u00e1ndoles la muerte.<\/p>  <p><\/p>  <p><\/p>  <p><\/p> ","protected":false},"excerpt":{"rendered":"<p>La actual primera teniente de alcalde y portavoz del gobierno local presidir\u00e1 ma\u00f1ana el pleno ordinario<\/p>\n","protected":false},"author":0,"featured_media":20317,"comment_status":"","ping_status":"open","sticky":false,"template":"","format":"standard","meta":{"_acf_changed":false,"footnotes":""},"categories":[1],"tags":[],"class_list":["post-20316","post","type-post","status-publish","format-standard","has-post-thumbnail","hentry","category-sin-categoria"],"acf":{"ser_id":"7XBG23CVUFFTRHTP2N3PWNQTSM","ser_url":"https:\/\/cadenaser.com\/comunitat-valenciana\/2025\/11\/27\/nati-algado-sera-la-alcalde-de-finestrat-en-sustitucion-de-juanfran-perez-llorca-radio-benidorm\/"},"_links":{"self":[{"href":"https:\/\/serbenidorm.daliisolutions.com\/index.php\/wp-json\/wp\/v2\/posts\/20316","targetHints":{"allow":["GET"]}}],"collection":[{"href":"https:\/\/serbenidorm.daliisolutions.com\/index.php\/wp-json\/wp\/v2\/posts"}],"about":[{"href":"https:\/\/serbenidorm.daliisolutions.com\/index.php\/wp-json\/wp\/v2\/types\/post"}],"replies":[{"embeddable":true,"href":"https:\/\/serbenidorm.daliisolutions.com\/index.php\/wp-json\/wp\/v2\/comments?post=20316"}],"version-history":[{"count":0,"href":"https:\/\/serbenidorm.daliisolutions.com\/index.php\/wp-json\/wp\/v2\/posts\/20316\/revisions"}],"wp:featuredmedia":[{"embeddable":true,"href":"https:\/\/serbenidorm.daliisolutions.com\/index.php\/wp-json\/wp\/v2\/media\/20317"}],"wp:attachment":[{"href":"https:\/\/serbenidorm.daliisolutions.com\/index.php\/wp-json\/wp\/v2\/media?parent=20316"}],"wp:term":[{"taxonomy":"category","embeddable":true,"href":"https:\/\/serbenidorm.daliisolutions.com\/index.php\/wp-json\/wp\/v2\/categories?post=20316"},{"taxonomy":"post_tag","embeddable":true,"href":"https:\/\/serbenidorm.daliisolutions.com\/index.php\/wp-json\/wp\/v2\/tags?post=20316"}],"curies":[{"name":"wp","href":"https:\/\/api.w.org\/{rel}","templated":true}]}}