{"id":20321,"date":"2025-11-27T20:17:35","date_gmt":"2025-11-27T19:17:35","guid":{"rendered":"https:\/\/serbenidorm.daliisolutions.com\/index.php\/2025\/11\/27\/de-finestrat-al-palau-de-la-generalitat-juanfran-perez-llorca-y-la-politica-local\/"},"modified":"2025-11-27T20:17:35","modified_gmt":"2025-11-27T19:17:35","slug":"de-finestrat-al-palau-de-la-generalitat-juanfran-perez-llorca-y-la-politica-local","status":"publish","type":"post","link":"https:\/\/serbenidorm.daliisolutions.com\/index.php\/2025\/11\/27\/de-finestrat-al-palau-de-la-generalitat-juanfran-perez-llorca-y-la-politica-local\/","title":{"rendered":"De Finestrat al Palau de la Generalitat: Juanfran P\u00e9rez Llorca y la pol\u00edtica local"},"content":{"rendered":" <p>Desde la llegada de Eduardo Zaplana a la presidencia de la Generalitat la comarca alicantina de la Marina Baixa no hab\u00eda vuelto a situar a uno de sus representantes al frente del Consell. Una circunstancia que acaba de terminar con la investidura del alcalde de Finestrat, Juanfran P\u00e9rez Llorca, como sucesor de Carlos Maz\u00f3n.<\/p>  <p>A diferencia de Zaplana, natural de Cartagena, que gobern\u00f3 Benidorm entre 1991 y 1994, la Generalitat entre 1995 y 2002 e inici\u00f3 un largo ciclo de hegemon\u00eda del Partido Popular en la Comunitat Valenciana, P\u00e9rez Llorca s\u00ed es originario de la Marina Baixa. <a href=\"https:\/\/cadenaser.com\/tag\/benidorm\/a\/\" target=\"_blank\" rel=\"nofollow\" title=\"https:\/\/cadenaser.com\/tag\/benidorm\/a\/\">Nacido en Finestrat en 1976, fue elegido alcalde hace ahora una d\u00e9cada<\/a>.<\/p>  <p>En este pueblo que no llega a los 10.000 habitantes y donde la mitad de ellos son extranjeros es dif\u00edcil encontrar un vecino que no hable bien de \u00e9l: \u201cHa sido buen alcalde y ha hecho bastantes cosas, el \u00fanico problema es que es del PP\u201d, cuenta entre risas una joven estudiante de la localidad; \u201cen el tiempo que le he conocido ha sido tremendamente amable y se ofrece cuando le pides algo sin ning\u00fan problema\u201d, apunta un jubilado; \u201cel alcalde es muy buena persona, me ayud\u00f3 cuando abr\u00ed mi negocio y cuando falleci\u00f3 mi marido estuvo all\u00ed\u201d, sentencia una hostelera italiana.<\/p>  <p>\u00abSi acepto este cambio es para cuidar lo cotidiano, asegurar que lo esencial funciona; un gobierno serio empieza igual que un ayuntamiento serio, garantizar que la gente viva bien, sin ruido, sin caos\u00bb, ha dicho en su discurso de investidura. Una vida dedicada a la pol\u00edtica local y a Finestrat, que bajo su mandato ha multiplicado su poblaci\u00f3n, se ha urbanizado en gran medida y ha consolidado su bulevar como la referencia comercial de toda la comarca, incluido Benidorm. Una sucesi\u00f3n de mayor\u00edas absolutas que va a facilitar la transici\u00f3n hacia su sucesora al frente del Ayuntamiento y mano derecha durante esta administraci\u00f3n Nati Algado.<\/p>  <p>Portavoz del gobierno local y primera teniente de alcalde, Algado es licenciada en Medicina y Cirug\u00eda por la Universidad Miguel Hern\u00e1ndez de Elche (UMH) y Doctora en Ciencias de la Salud por la Universidad de Alicante (UA). <\/p> ","protected":false},"excerpt":{"rendered":"<p>Su carrera ha estado ligada a su pueblo, donde ha sido alcalde desde 2015: \u00abVean en m\u00ed el mismo compromiso que vieron mis vecinos\u00bb<\/p>\n","protected":false},"author":0,"featured_media":20322,"comment_status":"","ping_status":"open","sticky":false,"template":"","format":"standard","meta":{"_acf_changed":false,"footnotes":""},"categories":[1],"tags":[],"class_list":["post-20321","post","type-post","status-publish","format-standard","has-post-thumbnail","hentry","category-sin-categoria"],"acf":{"ser_id":"NDKI6GYIAZBHVJKITGPY4YPAHY","ser_url":"https:\/\/cadenaser.com\/comunitat-valenciana\/2025\/11\/27\/de-finestrat-al-palau-de-la-generalitat-juanfran-perez-llorca-y-la-politica-local-radio-benidorm\/"},"_links":{"self":[{"href":"https:\/\/serbenidorm.daliisolutions.com\/index.php\/wp-json\/wp\/v2\/posts\/20321","targetHints":{"allow":["GET"]}}],"collection":[{"href":"https:\/\/serbenidorm.daliisolutions.com\/index.php\/wp-json\/wp\/v2\/posts"}],"about":[{"href":"https:\/\/serbenidorm.daliisolutions.com\/index.php\/wp-json\/wp\/v2\/types\/post"}],"replies":[{"embeddable":true,"href":"https:\/\/serbenidorm.daliisolutions.com\/index.php\/wp-json\/wp\/v2\/comments?post=20321"}],"version-history":[{"count":0,"href":"https:\/\/serbenidorm.daliisolutions.com\/index.php\/wp-json\/wp\/v2\/posts\/20321\/revisions"}],"wp:featuredmedia":[{"embeddable":true,"href":"https:\/\/serbenidorm.daliisolutions.com\/index.php\/wp-json\/wp\/v2\/media\/20322"}],"wp:attachment":[{"href":"https:\/\/serbenidorm.daliisolutions.com\/index.php\/wp-json\/wp\/v2\/media?parent=20321"}],"wp:term":[{"taxonomy":"category","embeddable":true,"href":"https:\/\/serbenidorm.daliisolutions.com\/index.php\/wp-json\/wp\/v2\/categories?post=20321"},{"taxonomy":"post_tag","embeddable":true,"href":"https:\/\/serbenidorm.daliisolutions.com\/index.php\/wp-json\/wp\/v2\/tags?post=20321"}],"curies":[{"name":"wp","href":"https:\/\/api.w.org\/{rel}","templated":true}]}}