{"id":20323,"date":"2025-11-27T20:17:35","date_gmt":"2025-11-27T19:17:35","guid":{"rendered":"https:\/\/serbenidorm.daliisolutions.com\/index.php\/2025\/11\/27\/toni-perez-sobre-juanfran-perez-llorca-tenemos-president-para-tiempo\/"},"modified":"2025-11-27T20:17:35","modified_gmt":"2025-11-27T19:17:35","slug":"toni-perez-sobre-juanfran-perez-llorca-tenemos-president-para-tiempo","status":"publish","type":"post","link":"https:\/\/serbenidorm.daliisolutions.com\/index.php\/2025\/11\/27\/toni-perez-sobre-juanfran-perez-llorca-tenemos-president-para-tiempo\/","title":{"rendered":"Toni P\u00e9rez sobre Juanfran P\u00e9rez Llorca: \u201cTenemos president para tiempo\u201d"},"content":{"rendered":" <p>El presidente del PP en la provincia de Alicante, responsable de la Diputaci\u00f3n y alcalde de Benidorm, Toni P\u00e9rez, ha sido muy claro en La Ventana de la Marina Baixa sobre si Juanfran P\u00e9rez Llorca ser\u00e1 un president \u2018interino\u2019: \u201csi contesto como presidente provincial del partido, si le hablo como alcalde de Benidorm, si le hablo como militante y como ciudadano de la Marina Baixa, estoy convencido de que Juan Francisco P\u00e9rez Llorca <a href=\"https:\/\/cadenaser.com\/tag\/benidorm\/a\/\" target=\"_blank\" rel=\"nofollow\" title=\"https:\/\/cadenaser.com\/tag\/benidorm\/a\/\">es lo que hoy ha sido votado y estoy seguro que tenemos presidente de la Generalitat para el tiempo<\/a>\u201d.<\/p>  <p>Toni P\u00e9rez, que ha asistido al pleno celebrado este jueves en Les Corts, resum\u00eda esa jornada hist\u00f3rica explicando que \u201cha sido [un pleno] muy tranquilo y eso se produce en base, fundamentalmente, al sosiego de quien ya ha sido votado como president de la Generalitat al que nosotros, toda la Marina Baixa, la provincia de Alicante y, muy pronto, toda la Comunitat Valenciana va a conocer muy bien\u201d. <\/p>  <p>El presidente de la Diputaci\u00f3n insiste en que el nuevo \u2018cap\u2019 del Consell \u201cha trasladado esa tranquilidad necesaria en un relevo que, en un momento de much\u00edsima convulsi\u00f3n tambi\u00e9n a nivel nacional, ha sabido tambi\u00e9n tener un discurso cercano, de di\u00e1logo, de tender puentes y de abrir manos, precisamente para dar continuidad a un Gobierno importante que es el Gobierno del de la Generalitat Valenciana\u201d.<\/p>  <p>P\u00e9rez Llorca ha sido alabado, por sus propios vecinos, como un alcalde dialogante y cercano; siempre dispuesto a ayudar en lo posible y preocupado por su pueblo. \u00bfSer\u00e1 esa la misma l\u00ednea de trabajo que siga como President? En opini\u00f3n de Toni P\u00e9rez, no hay duda: \u201cestoy convencido que s\u00ed. Es una cosa consustancial de una persona y de un alcalde. Todoello, desde luego, lo va a trasladar a su gesti\u00f3n al frente del Consell porque las personas no cambian por asumir otras responsabilidades, todo lo contrario. Todo ello a hacer que el suyo sea un Gobierno cercano y de mucha escucha, de mucho di\u00e1logo y de perseguir siempre el consenso. No tengo la menor duda\u201d.<\/p>  <p>Tambi\u00e9n tuvo Toni P\u00e9rez palabras elogiosas para Nati Algado, la que ser\u00e1 la pr\u00f3xima alcaldesa de Finestrat. El mun\u00edcipe benidormense subrayaba la condici\u00f3n de \u2018rara avis\u2019 porque \u201cno ha sido f\u00e1cil en esta legislatura y en las anteriores tener alcaldesas en la comarca de la Marina Baixa\u201d.<\/p>  <p>M\u00e1s all\u00e1 de ese dato m\u00e1s o menos anecd\u00f3tico, P\u00e9rez valora que \u201cNati tiene un perfecto conocimiento de lo que es Finestrat y de lo que supone Finestrat para el conjunto de la Marina Baixa y de la provincia de Alicante\u201d. Por ello, vaticina que \u201cva a ser una excelente alcaldesa ya que es una mujer s\u00faper preparada que viene del municipalismo, porque es de estas concejalas que est\u00e1 en todo. Muy trabajadora, muy cercana. Finestrat, desde luego, gana una gran alcaldesa\u201d, zanja.<\/p> ","protected":false},"excerpt":{"rendered":"<p>El presidente del Partido Popular en la provincia de Alicante apuesta por el nuevo jefe del Consell como candidato en 2027<\/p>\n","protected":false},"author":0,"featured_media":20324,"comment_status":"","ping_status":"open","sticky":false,"template":"","format":"standard","meta":{"_acf_changed":false,"footnotes":""},"categories":[1],"tags":[],"class_list":["post-20323","post","type-post","status-publish","format-standard","has-post-thumbnail","hentry","category-sin-categoria"],"acf":{"ser_id":"IQQIU3YZABBA7M2R24YVQTDVKI","ser_url":"https:\/\/cadenaser.com\/comunitat-valenciana\/2025\/11\/27\/toni-perez-sobre-juanfran-perez-llorca-tenemos-president-para-tiempo-radio-benidorm\/"},"_links":{"self":[{"href":"https:\/\/serbenidorm.daliisolutions.com\/index.php\/wp-json\/wp\/v2\/posts\/20323","targetHints":{"allow":["GET"]}}],"collection":[{"href":"https:\/\/serbenidorm.daliisolutions.com\/index.php\/wp-json\/wp\/v2\/posts"}],"about":[{"href":"https:\/\/serbenidorm.daliisolutions.com\/index.php\/wp-json\/wp\/v2\/types\/post"}],"replies":[{"embeddable":true,"href":"https:\/\/serbenidorm.daliisolutions.com\/index.php\/wp-json\/wp\/v2\/comments?post=20323"}],"version-history":[{"count":0,"href":"https:\/\/serbenidorm.daliisolutions.com\/index.php\/wp-json\/wp\/v2\/posts\/20323\/revisions"}],"wp:featuredmedia":[{"embeddable":true,"href":"https:\/\/serbenidorm.daliisolutions.com\/index.php\/wp-json\/wp\/v2\/media\/20324"}],"wp:attachment":[{"href":"https:\/\/serbenidorm.daliisolutions.com\/index.php\/wp-json\/wp\/v2\/media?parent=20323"}],"wp:term":[{"taxonomy":"category","embeddable":true,"href":"https:\/\/serbenidorm.daliisolutions.com\/index.php\/wp-json\/wp\/v2\/categories?post=20323"},{"taxonomy":"post_tag","embeddable":true,"href":"https:\/\/serbenidorm.daliisolutions.com\/index.php\/wp-json\/wp\/v2\/tags?post=20323"}],"curies":[{"name":"wp","href":"https:\/\/api.w.org\/{rel}","templated":true}]}}