{"id":20333,"date":"2025-11-28T08:53:15","date_gmt":"2025-11-28T07:53:15","guid":{"rendered":"https:\/\/serbenidorm.daliisolutions.com\/index.php\/2025\/11\/28\/jornada-muy-desigual-para-el-benidorm-y-la-nucia\/"},"modified":"2025-11-28T08:53:15","modified_gmt":"2025-11-28T07:53:15","slug":"jornada-muy-desigual-para-el-benidorm-y-la-nucia","status":"publish","type":"post","link":"https:\/\/serbenidorm.daliisolutions.com\/index.php\/2025\/11\/28\/jornada-muy-desigual-para-el-benidorm-y-la-nucia\/","title":{"rendered":"Jornada muy desigual para el Benidorm y La Nuc\u00eda"},"content":{"rendered":" <p>El C.F. Benidorm vuelve este domingo (12:00 horas) al Guillermo Amor para medirse al Thader en una nueva jornada de una temporada en la que los de Javier Vidales est\u00e1n demostrando, pese a la insultante juventud del equipo, una gran dominio de la categor\u00eda que les ha llevado a ocupar un liderato que, al menos por el momento, s\u00f3lo est\u00e1 siendo contestado por el Independiente de Alicante.<\/p>  <p>Tras la victoria del pasado fin de semana, tambi\u00e9n en casa, ante el Torrevieja, tercer clasificado, los benidormenses dieron un importante golpe de mano a la clasificaci\u00f3n abriendo un hueco ya de cuatro puntos respecto a los de la Vega Baja.<\/p>  <p>Tras haber encajado s\u00f3lo dos goles en las once primeras jornadas de liga, el C.F. Benidorm sigue haciendo m\u00e9ritos para ser se\u00f1alado como el gran favorito a ocupar la \u00fanica plaza de ascenso directo a una Tercera RFEF en la que el C.F. La Nuc\u00eda est\u00e1 viviendo momentos muy complicados.<\/p>  <p>Los nucieros, por su parte, siguen inmersos en su particular crisis tras acumular una racha de ocho partidos sin ganar sumando s\u00f3lo cinco de los \u00faltimos 24 puntos posibles. <\/p>  <p>Por ello, su desplazamiento de este fin de semana hasta la cancha del H\u00e9rcules B, que ocupa la d\u00e9cima posici\u00f3n con s\u00f3lo un punto m\u00e1s que los rojillos, debe servir para que el cuadro de Vicente Mir cambie esa mala din\u00e1mica e inicie la remontada que, como el propio preparador valenciano reconoc\u00eda el pasado mi\u00e9rcoles en SER Deportivos Marina Baixa, le permita volver a aspirar a meterse en los puestos de promoci\u00f3n de ascenso, un objetivo al que los nucieros no han renunciado.<\/p> ","protected":false},"excerpt":{"rendered":"<p>Los de Javier Vidales defienden el liderato en casa y los de Vicente Mir necesitan ganar en Alicante<\/p>\n","protected":false},"author":0,"featured_media":20334,"comment_status":"","ping_status":"open","sticky":false,"template":"","format":"standard","meta":{"_acf_changed":false,"footnotes":""},"categories":[16],"tags":[],"class_list":["post-20333","post","type-post","status-publish","format-standard","has-post-thumbnail","hentry","category-deportes"],"acf":{"ser_id":"AKR7NFBDY5GHROGYBKHAKYIVPU","ser_url":"https:\/\/cadenaser.com\/comunitat-valenciana\/2025\/11\/28\/jornada-muy-desigual-para-el-benidorm-y-la-nucia-radio-benidorm\/"},"_links":{"self":[{"href":"https:\/\/serbenidorm.daliisolutions.com\/index.php\/wp-json\/wp\/v2\/posts\/20333","targetHints":{"allow":["GET"]}}],"collection":[{"href":"https:\/\/serbenidorm.daliisolutions.com\/index.php\/wp-json\/wp\/v2\/posts"}],"about":[{"href":"https:\/\/serbenidorm.daliisolutions.com\/index.php\/wp-json\/wp\/v2\/types\/post"}],"replies":[{"embeddable":true,"href":"https:\/\/serbenidorm.daliisolutions.com\/index.php\/wp-json\/wp\/v2\/comments?post=20333"}],"version-history":[{"count":0,"href":"https:\/\/serbenidorm.daliisolutions.com\/index.php\/wp-json\/wp\/v2\/posts\/20333\/revisions"}],"wp:featuredmedia":[{"embeddable":true,"href":"https:\/\/serbenidorm.daliisolutions.com\/index.php\/wp-json\/wp\/v2\/media\/20334"}],"wp:attachment":[{"href":"https:\/\/serbenidorm.daliisolutions.com\/index.php\/wp-json\/wp\/v2\/media?parent=20333"}],"wp:term":[{"taxonomy":"category","embeddable":true,"href":"https:\/\/serbenidorm.daliisolutions.com\/index.php\/wp-json\/wp\/v2\/categories?post=20333"},{"taxonomy":"post_tag","embeddable":true,"href":"https:\/\/serbenidorm.daliisolutions.com\/index.php\/wp-json\/wp\/v2\/tags?post=20333"}],"curies":[{"name":"wp","href":"https:\/\/api.w.org\/{rel}","templated":true}]}}