{"id":20335,"date":"2025-11-28T08:53:16","date_gmt":"2025-11-28T07:53:16","guid":{"rendered":"https:\/\/serbenidorm.daliisolutions.com\/index.php\/2025\/11\/28\/el-sporting-la-nucia-se-quiere-resetear-ante-el-cobisa\/"},"modified":"2025-11-28T08:53:16","modified_gmt":"2025-11-28T07:53:16","slug":"el-sporting-la-nucia-se-quiere-resetear-ante-el-cobisa","status":"publish","type":"post","link":"https:\/\/serbenidorm.daliisolutions.com\/index.php\/2025\/11\/28\/el-sporting-la-nucia-se-quiere-resetear-ante-el-cobisa\/","title":{"rendered":"El Sporting La Nuc\u00eda se quiere \u2018resetear\u2019 ante el Cobisa"},"content":{"rendered":" <p>El Sporting La Nuc\u00eda vuelve este s\u00e1bado (17:00 horas) al Camilo Cano para tratar de olvidar la eliminaci\u00f3n de la Copa del Rey sufrida en ese mismo escenario el pasado martes ante el Vi\u00f1a Albali de Valdepe\u00f1as (equipo de Primera Divisi\u00f3n) en un partido en el que los de David \u2018Dada\u2019 Valverde pagaron excesivamente cara una mala segunda mitad tras haber sabido mantener a raya en el primer tiempo a un equipo de categor\u00eda superior.<\/p>  <p>En todo caso, ahora toca \u2018resetear\u2019 el sistema y centrarse en una competici\u00f3n liguera en la que los rojillos siguen invictos en casa y en la que, adem\u00e1s, lograron su primer triunfo como visitantes hace ahora una semana en la cancha del Torrej\u00f3n (1-3).<\/p>  <p>Por ello, la visita este s\u00e1bado del Cobisa, pen\u00faltimo clasificado, debe servir para que los de \u2018Dada\u2019 sigan con esa racha de imbatibilidad en casa y, de esta manera, se puedan acercar un poco m\u00e1s a los primeros puestos de la clasificaci\u00f3n.<\/p> ","protected":false},"excerpt":{"rendered":"<p>Tras la eliminaci\u00f3n de la Copa del Rey, los de \u2018Dada\u2019 se centrar\u00e1n ahora en recuperar el terreno perdido en liga<\/p>\n","protected":false},"author":0,"featured_media":20336,"comment_status":"","ping_status":"open","sticky":false,"template":"","format":"standard","meta":{"_acf_changed":false,"footnotes":""},"categories":[16],"tags":[],"class_list":["post-20335","post","type-post","status-publish","format-standard","has-post-thumbnail","hentry","category-deportes"],"acf":{"ser_id":"XWI6C52FPFFF7NXFU5W2OSZYE4","ser_url":"https:\/\/cadenaser.com\/comunitat-valenciana\/2025\/11\/28\/el-sporting-la-nucia-se-quiere-resetear-ante-el-cobisa-radio-benidorm\/"},"_links":{"self":[{"href":"https:\/\/serbenidorm.daliisolutions.com\/index.php\/wp-json\/wp\/v2\/posts\/20335","targetHints":{"allow":["GET"]}}],"collection":[{"href":"https:\/\/serbenidorm.daliisolutions.com\/index.php\/wp-json\/wp\/v2\/posts"}],"about":[{"href":"https:\/\/serbenidorm.daliisolutions.com\/index.php\/wp-json\/wp\/v2\/types\/post"}],"replies":[{"embeddable":true,"href":"https:\/\/serbenidorm.daliisolutions.com\/index.php\/wp-json\/wp\/v2\/comments?post=20335"}],"version-history":[{"count":0,"href":"https:\/\/serbenidorm.daliisolutions.com\/index.php\/wp-json\/wp\/v2\/posts\/20335\/revisions"}],"wp:featuredmedia":[{"embeddable":true,"href":"https:\/\/serbenidorm.daliisolutions.com\/index.php\/wp-json\/wp\/v2\/media\/20336"}],"wp:attachment":[{"href":"https:\/\/serbenidorm.daliisolutions.com\/index.php\/wp-json\/wp\/v2\/media?parent=20335"}],"wp:term":[{"taxonomy":"category","embeddable":true,"href":"https:\/\/serbenidorm.daliisolutions.com\/index.php\/wp-json\/wp\/v2\/categories?post=20335"},{"taxonomy":"post_tag","embeddable":true,"href":"https:\/\/serbenidorm.daliisolutions.com\/index.php\/wp-json\/wp\/v2\/tags?post=20335"}],"curies":[{"name":"wp","href":"https:\/\/api.w.org\/{rel}","templated":true}]}}