{"id":20337,"date":"2025-11-28T08:53:16","date_gmt":"2025-11-28T07:53:16","guid":{"rendered":"https:\/\/serbenidorm.daliisolutions.com\/index.php\/2025\/11\/28\/el-servigroup-benidorm-quiere-atacar-la-zona-alta-a-costa-del-elche\/"},"modified":"2025-11-28T08:53:16","modified_gmt":"2025-11-28T07:53:16","slug":"el-servigroup-benidorm-quiere-atacar-la-zona-alta-a-costa-del-elche","status":"publish","type":"post","link":"https:\/\/serbenidorm.daliisolutions.com\/index.php\/2025\/11\/28\/el-servigroup-benidorm-quiere-atacar-la-zona-alta-a-costa-del-elche\/","title":{"rendered":"El Servigroup Benidorm quiere atacar la zona alta a costa del Elche"},"content":{"rendered":" <p>El Baloncesto Servigroup Benidorm afronta este domingo (18:45 horas) un importante duelo en la cancha del Elche en un partido que mide a dos equipos que llegan a esta novena jornada de la Tercera FEB con los mismos once puntos y compartiendo (con Sueca, Jorge Juan y Montemar) la quinta posici\u00f3n de la clasificaci\u00f3n.<\/p>  <p>Por lo tanto, los de Nico S\u00e1nchez no s\u00f3lo afrontan una jornada que puede servir de term\u00f3metro para calibrar el potencial de dos equipos que se han asentado en la zona media de la clasificaci\u00f3n, sino que, adem\u00e1s, podr\u00edan dar un importante golpe de mano a la tabla ya que, en caso de victoria (y condicionado todo ello a los resultados de sus rivales m\u00e1s directos), podr\u00edan dar un salto importante para asomarse a la zona alta.<\/p>  <p>El Servigroup Benidorm, que viene de ganar en casa al Ontinet (72-62) necesita encontrar la regularidad en una temporada en la que s\u00f3lo ha podido sumar una racha de dos partidos consecutivos ganando, una marca que podr\u00edan igualar este domingo en la cancha ilicitana. <\/p>  <p>Por su parte, en la Primera Nacional femenina, el Terralf\u00e0s descansar\u00e1 despu\u00e9s de que su partido correspondiente a la s\u00e9ptima jornada ante el San Blas alicantino haya quedado aplazado hasta el pr\u00f3ximo d\u00eda 10 de diciembre.<\/p>  <p>Con tres triunfos y otras tantas derrotas, las de M\u00aa Carmen Burgos siguen aspirando a meterse de nuevo entre los equipos llamados a disputar la fase de ascenso a final de temporada, aunque para confirmar esa candidatura deber\u00e1n esperar a v\u00e9rselas con un San Blas que ocupa la tercera posici\u00f3n con s\u00f3lo un punto m\u00e1s que las alfasinas.<\/p> ","protected":false},"excerpt":{"rendered":"<p>El Terralf\u00e0s femenino descansar\u00e1 tras aplazar su partido ante el San Blas hasta el 10 de diciembre<\/p>\n","protected":false},"author":0,"featured_media":20338,"comment_status":"","ping_status":"open","sticky":false,"template":"","format":"standard","meta":{"_acf_changed":false,"footnotes":""},"categories":[16],"tags":[],"class_list":["post-20337","post","type-post","status-publish","format-standard","has-post-thumbnail","hentry","category-deportes"],"acf":{"ser_id":"DOJDNZL2PJAIZE2BJ5FDZWJXJQ","ser_url":"https:\/\/cadenaser.com\/comunitat-valenciana\/2025\/11\/28\/el-servigroup-benidorm-quiere-atacar-la-zona-alta-a-costa-del-elche-radio-benidorm\/"},"_links":{"self":[{"href":"https:\/\/serbenidorm.daliisolutions.com\/index.php\/wp-json\/wp\/v2\/posts\/20337","targetHints":{"allow":["GET"]}}],"collection":[{"href":"https:\/\/serbenidorm.daliisolutions.com\/index.php\/wp-json\/wp\/v2\/posts"}],"about":[{"href":"https:\/\/serbenidorm.daliisolutions.com\/index.php\/wp-json\/wp\/v2\/types\/post"}],"replies":[{"embeddable":true,"href":"https:\/\/serbenidorm.daliisolutions.com\/index.php\/wp-json\/wp\/v2\/comments?post=20337"}],"version-history":[{"count":0,"href":"https:\/\/serbenidorm.daliisolutions.com\/index.php\/wp-json\/wp\/v2\/posts\/20337\/revisions"}],"wp:featuredmedia":[{"embeddable":true,"href":"https:\/\/serbenidorm.daliisolutions.com\/index.php\/wp-json\/wp\/v2\/media\/20338"}],"wp:attachment":[{"href":"https:\/\/serbenidorm.daliisolutions.com\/index.php\/wp-json\/wp\/v2\/media?parent=20337"}],"wp:term":[{"taxonomy":"category","embeddable":true,"href":"https:\/\/serbenidorm.daliisolutions.com\/index.php\/wp-json\/wp\/v2\/categories?post=20337"},{"taxonomy":"post_tag","embeddable":true,"href":"https:\/\/serbenidorm.daliisolutions.com\/index.php\/wp-json\/wp\/v2\/tags?post=20337"}],"curies":[{"name":"wp","href":"https:\/\/api.w.org\/{rel}","templated":true}]}}