{"id":20345,"date":"2025-11-28T12:52:01","date_gmt":"2025-11-28T11:52:01","guid":{"rendered":"https:\/\/serbenidorm.daliisolutions.com\/index.php\/2025\/11\/28\/detenido-en-benidorm-un-exmilitar-y-tesorero-policial-reclamado-por-colombia-por-un-desfalco-millonario\/"},"modified":"2025-11-28T12:52:01","modified_gmt":"2025-11-28T11:52:01","slug":"detenido-en-benidorm-un-exmilitar-y-tesorero-policial-reclamado-por-colombia-por-un-desfalco-millonario","status":"publish","type":"post","link":"https:\/\/serbenidorm.daliisolutions.com\/index.php\/2025\/11\/28\/detenido-en-benidorm-un-exmilitar-y-tesorero-policial-reclamado-por-colombia-por-un-desfalco-millonario\/","title":{"rendered":"Detenido en Benidorm un exmilitar y tesorero policial reclamado por Colombia por un desfalco millonario"},"content":{"rendered":" <p>La Polic\u00eda Nacional ha detenido en Benidorm a un fugitivo de nacionalidad colombiana de 43 a\u00f1os que estaba reclamado por las autoridades de su pa\u00eds por un presunto desfalco millonario cometido durante su etapa como tesorero en un departamento regional de la polic\u00eda colombiana. <\/p>  <p>El arresto, practicado por agentes de la Comisar\u00eda de Benidorm, se llev\u00f3 a cabo el pasado 27 de noviembre despu\u00e9s de que el fugitivo permaneciera varios d\u00edas en paradero desconocido en la ciudad.<\/p>  <p>El detenido, al que ya constaba un antecedente previo en Espa\u00f1a, ten\u00eda activa desde el 22 de noviembre una Orden Internacional de Detenci\u00f3n emitida por Colombia para su extradici\u00f3n. Seg\u00fan las autoridades judiciales y militares colombianas, el ahora arrestado habr\u00eda transferido de manera il\u00edcita a su cuenta personal 850 millones de pesos colombianos \u2014cerca de 200.000 euros al cambio actual\u2014 aprovechando su condici\u00f3n de tesorero dentro de la estructura policial en 2019.<\/p>  <p>Tras recibir la notificaci\u00f3n de la orden internacional, la Polic\u00eda Nacional en Benidorm activ\u00f3 un operativo de b\u00fasqueda centrado en localizar al fugitivo dentro del t\u00e9rmino municipal. Las investigaciones permitieron situarlo en varios puntos de la ciudad antes de proceder finalmente a su arresto, confirmando la informaci\u00f3n remitida desde Colombia sobre su posible presencia en territorio alicantino.<\/p>  <p>La detenci\u00f3n se produjo sin incidentes y culmin\u00f3 un dispositivo que, seg\u00fan fuentes policiales, se dise\u00f1\u00f3 especialmente para evitar que el fugitivo pudiera abandonar Benidorm o intentar desplazarse a otra ciudad tur\u00edstica de la comarca. La colaboraci\u00f3n entre las unidades locales y los canales de cooperaci\u00f3n internacional result\u00f3 clave para cerrar el cerco en pocas jornadas.<\/p>  <p>El caso por el que estaba siendo buscado se remonta al a\u00f1o 2019, cuando presuntamente desvi\u00f3 los fondos p\u00fablicos que deb\u00eda gestionar. La investigaci\u00f3n en Colombia se prolong\u00f3 durante varios a\u00f1os hasta desembocar el pasado mes de julio de 2025 en una sentencia condenatoria. Las autoridades judiciales militares y policiales le impusieron una pena de once a\u00f1os y 8 meses de prisi\u00f3n por los delitos cometidos.<\/p>  <p>Esa resoluci\u00f3n judicial permiti\u00f3 activar la solicitud de extradici\u00f3n, que lleg\u00f3 a las autoridades espa\u00f1olas a finales de noviembre. Desde entonces, las fuerzas de seguridad nacionales trabajaron para dar con su paradero, localiz\u00e1ndolo finalmente en Benidorm.<\/p>  <p>Tras la detenci\u00f3n, el fugitivo fue trasladado a dependencias policiales para la pr\u00e1ctica de las diligencias correspondientes y, posteriormente, puesto a disposici\u00f3n del Juzgado Central de Instrucci\u00f3n de la Audiencia Nacional. Este \u00f3rgano judicial ser\u00e1 el encargado de tramitar el procedimiento de extradici\u00f3n y resolver la entrega del detenido a las autoridades colombianas.<\/p>  <p>La operaci\u00f3n subraya una vez m\u00e1s el papel de Benidorm como uno de los puntos donde se concentran numerosos dispositivos policiales destinados a localizar a fugitivos internacionales, especialmente durante periodos de gran afluencia tur\u00edstica. Las fuerzas de seguridad recuerdan que la colaboraci\u00f3n ciudadana y la coordinaci\u00f3n con cuerpos policiales extranjeros resultan esenciales para combatir este tipo de delitos transnacionales.<\/p>  <p><\/p>  <p><\/p>  <p><\/p>  <p><\/p> ","protected":false},"excerpt":{"rendered":"<p>El hombre  estaba buscado por apropiarse de 850 millones de pesos <\/p>\n","protected":false},"author":0,"featured_media":20346,"comment_status":"","ping_status":"open","sticky":false,"template":"","format":"standard","meta":{"_acf_changed":false,"footnotes":""},"categories":[1],"tags":[],"class_list":["post-20345","post","type-post","status-publish","format-standard","has-post-thumbnail","hentry","category-sin-categoria"],"acf":{"ser_id":"LKLYSNBMCNEAPD4Q26TWJIEYYU","ser_url":"https:\/\/cadenaser.com\/comunitat-valenciana\/2025\/11\/28\/detenido-en-benidorm-un-exmilitar-y-tesorero-policial-reclamado-por-colombia-por-un-desfalco-millonario-radio-benidorm\/"},"_links":{"self":[{"href":"https:\/\/serbenidorm.daliisolutions.com\/index.php\/wp-json\/wp\/v2\/posts\/20345","targetHints":{"allow":["GET"]}}],"collection":[{"href":"https:\/\/serbenidorm.daliisolutions.com\/index.php\/wp-json\/wp\/v2\/posts"}],"about":[{"href":"https:\/\/serbenidorm.daliisolutions.com\/index.php\/wp-json\/wp\/v2\/types\/post"}],"replies":[{"embeddable":true,"href":"https:\/\/serbenidorm.daliisolutions.com\/index.php\/wp-json\/wp\/v2\/comments?post=20345"}],"version-history":[{"count":0,"href":"https:\/\/serbenidorm.daliisolutions.com\/index.php\/wp-json\/wp\/v2\/posts\/20345\/revisions"}],"wp:featuredmedia":[{"embeddable":true,"href":"https:\/\/serbenidorm.daliisolutions.com\/index.php\/wp-json\/wp\/v2\/media\/20346"}],"wp:attachment":[{"href":"https:\/\/serbenidorm.daliisolutions.com\/index.php\/wp-json\/wp\/v2\/media?parent=20345"}],"wp:term":[{"taxonomy":"category","embeddable":true,"href":"https:\/\/serbenidorm.daliisolutions.com\/index.php\/wp-json\/wp\/v2\/categories?post=20345"},{"taxonomy":"post_tag","embeddable":true,"href":"https:\/\/serbenidorm.daliisolutions.com\/index.php\/wp-json\/wp\/v2\/tags?post=20345"}],"curies":[{"name":"wp","href":"https:\/\/api.w.org\/{rel}","templated":true}]}}