{"id":20347,"date":"2025-11-28T12:52:02","date_gmt":"2025-11-28T11:52:02","guid":{"rendered":"https:\/\/serbenidorm.daliisolutions.com\/index.php\/2025\/11\/28\/el-boe-publica-este-sabado-el-nombramiento-de-perez-llorca-como-president-de-la-generalitat\/"},"modified":"2025-11-28T12:52:02","modified_gmt":"2025-11-28T11:52:02","slug":"el-boe-publica-este-sabado-el-nombramiento-de-perez-llorca-como-president-de-la-generalitat","status":"publish","type":"post","link":"https:\/\/serbenidorm.daliisolutions.com\/index.php\/2025\/11\/28\/el-boe-publica-este-sabado-el-nombramiento-de-perez-llorca-como-president-de-la-generalitat\/","title":{"rendered":"El BOE publica este s\u00e1bado el nombramiento de P\u00e9rez Llorca como president de la Generalitat"},"content":{"rendered":" <p>El president electo de la Generalitat, Juanfran P\u00e9rez Llorca, formalizar\u00e1 este viernes su renuncia a la alcald\u00eda de Finestrat, cargo que ha ostentado durante una d\u00e9cada y en el que ha cosechado tres victorias consecutivas. La decisi\u00f3n llega apenas 24 horas despu\u00e9s de su investidura en Les Corts, donde fue elegido gracias al respaldo del Partido Popular y Vox, convirti\u00e9ndose en el noveno president de la Generalitat. El nombramiento tambi\u00e9n debe ser publicado en el Diari Oficial de la Generalitat.<\/p>  <p>El pleno ordinario del Ayuntamiento de Finestrat, convocado para la una de la tarde. Tras su renuncia, asumir\u00e1 la alcald\u00eda Nati Algado, primera teniente de alcalde y n\u00famero dos en la lista del PP en las \u00faltimas elecciones municipales, como avanz\u00f3 este jueves Radio Benidorm. <\/p>  <p>Por su parte, el Bolet\u00edn Oficial del Estado (BOE) <a href=\"https:\/\/cadenaser.com\/comunitat-valenciana\/2025\/11\/27\/juanfran-perez-llorca-ya-es-president-de-la-generalitat-tras-el-apoyo-de-vox-radio-valencia\/\" target=\"_blank\" rel=\"noreferrer\" title=\"https:\/\/cadenaser.com\/comunitat-valenciana\/2025\/11\/27\/juanfran-perez-llorca-ya-es-president-de-la-generalitat-tras-el-apoyo-de-vox-radio-valencia\/\">tiene previsto publicar este s\u00e1bado<\/a> el nombramiento oficial de P\u00e9rez Llorca como president. El acto de toma de posesi\u00f3n est\u00e1 programado para el martes a mediod\u00eda.<\/p>  <p>As\u00ed lo acord\u00f3 este jueves la junta de s\u00edndics de Les Corts tras la votaci\u00f3n en la que Llorca ha salido investido con los votos de PP y Vox. El candidato popular era el \u00fanico aspirante para relevar a Carlos Maz\u00f3n al frente de la Generalitat.<\/p>  <p>Tras la toma de posesi\u00f3n, Llorca deber\u00e1 nombrar a los representantes del nuevo Consell.<\/p>  <p><i>Sigue toda la \u00faltima hora en el canal de Whatsapp de Radio Valencia: <\/i><a href=\"https:\/\/eur01.safelinks.protection.outlook.com\/?url=https%3A%2F%2Fwhatsapp.com%2Fchannel%2F0029VaHjyqSFHWq2Q3iHB33R&amp;data=05%7C02%7CASanchezSa%40prisaradio.com%7Cbcbba1a7cd834febfc0008dc718f345b%7Cc4fd49f3e15a44d882e2c909735d2e45%7C0%7C0%7C638510107081166370%7CUnknown%7CTWFpbGZsb3d8eyJWIjoiMC4wLjAwMDAiLCJQIjoiV2luMzIiLCJBTiI6Ik1haWwiLCJXVCI6Mn0%3D%7C0%7C%7C%7C&amp;sdata=WFs4%2BokiRyjbxmDJgRU9c1ksYZP%2F7O9hOQ0C1W8Esm0%3D&amp;reserved=0\" target=\"_blank\" rel=\"nofollow\" title=\"Direcci\u00f3n URL original: https:\/\/whatsapp.com\/channel\/0029VaHjyqSFHWq2Q3iHB33R. Haga clic o pulse si conf\u00eda en este v\u00ednculo.\"><i>haz clic aqu\u00ed y suscr\u00edbete<\/i><\/a><i> para recibir toda la informaci\u00f3n y la actualidad del d\u00eda en tu m\u00f3vil.<\/i><\/p> ","protected":false},"excerpt":{"rendered":"<p>El president electo de la Generalitat tiene previsto renunciar este viernes a la Alcald\u00eda de Finestrat<\/p>\n","protected":false},"author":0,"featured_media":20348,"comment_status":"","ping_status":"open","sticky":false,"template":"","format":"standard","meta":{"_acf_changed":false,"footnotes":""},"categories":[1],"tags":[],"class_list":["post-20347","post","type-post","status-publish","format-standard","has-post-thumbnail","hentry","category-sin-categoria"],"acf":{"ser_id":"7HD4673VCBCHZJSKMXGGKASQK4","ser_url":"https:\/\/cadenaser.com\/comunitat-valenciana\/2025\/11\/28\/el-boe-publica-este-sabado-el-nombramiento-de-perez-llorca-como-president-de-la-generalitat-radio-valencia\/"},"_links":{"self":[{"href":"https:\/\/serbenidorm.daliisolutions.com\/index.php\/wp-json\/wp\/v2\/posts\/20347","targetHints":{"allow":["GET"]}}],"collection":[{"href":"https:\/\/serbenidorm.daliisolutions.com\/index.php\/wp-json\/wp\/v2\/posts"}],"about":[{"href":"https:\/\/serbenidorm.daliisolutions.com\/index.php\/wp-json\/wp\/v2\/types\/post"}],"replies":[{"embeddable":true,"href":"https:\/\/serbenidorm.daliisolutions.com\/index.php\/wp-json\/wp\/v2\/comments?post=20347"}],"version-history":[{"count":0,"href":"https:\/\/serbenidorm.daliisolutions.com\/index.php\/wp-json\/wp\/v2\/posts\/20347\/revisions"}],"wp:featuredmedia":[{"embeddable":true,"href":"https:\/\/serbenidorm.daliisolutions.com\/index.php\/wp-json\/wp\/v2\/media\/20348"}],"wp:attachment":[{"href":"https:\/\/serbenidorm.daliisolutions.com\/index.php\/wp-json\/wp\/v2\/media?parent=20347"}],"wp:term":[{"taxonomy":"category","embeddable":true,"href":"https:\/\/serbenidorm.daliisolutions.com\/index.php\/wp-json\/wp\/v2\/categories?post=20347"},{"taxonomy":"post_tag","embeddable":true,"href":"https:\/\/serbenidorm.daliisolutions.com\/index.php\/wp-json\/wp\/v2\/tags?post=20347"}],"curies":[{"name":"wp","href":"https:\/\/api.w.org\/{rel}","templated":true}]}}