{"id":20349,"date":"2025-11-28T12:52:04","date_gmt":"2025-11-28T11:52:04","guid":{"rendered":"https:\/\/serbenidorm.daliisolutions.com\/index.php\/2025\/11\/28\/el-balonmano-servigroup-benidorm-cierra-su-agitado-noviembre-en-alcobendas\/"},"modified":"2025-11-28T12:52:04","modified_gmt":"2025-11-28T11:52:04","slug":"el-balonmano-servigroup-benidorm-cierra-su-agitado-noviembre-en-alcobendas","status":"publish","type":"post","link":"https:\/\/serbenidorm.daliisolutions.com\/index.php\/2025\/11\/28\/el-balonmano-servigroup-benidorm-cierra-su-agitado-noviembre-en-alcobendas\/","title":{"rendered":"El Balonmano Servigroup Benidorm cierra su agitado noviembre en Alcobendas"},"content":{"rendered":" <p>El Balonmano Servigroup Benidorm viaja este s\u00e1bado (18:30 horas) hasta Alcobendas para medirse al colista de la Divisi\u00f3n de Honor Plata en el que ser\u00e1 el sexto y \u00faltimo partido del equipo en un mes de noviembre plagado de compromisos y que ya se ha cobrado su peaje en forma de lesiones y bajas.<\/p>  <p>Tras quedar apeados de la Copa del Rey el pasado mi\u00e9rcoles, los de Marko Krivokapic apenas han tenido tiempo de descansar antes de emprender viaje hacia Alcobendas para retomar la competici\u00f3n liguera con la vista puesta en sumar dos nuevos puntos y esperar que los resultados de sus rivales m\u00e1s directos en la zona alta de la clasificaci\u00f3n ayuden a volver a los puestos que dan acceso al ascenso a la Liga Asobal.<\/p>  <p>La m\u00e1xima preocupaci\u00f3n ahora llega desde la enfermer\u00eda y, pese a la enorme carga de partidos a la que se ha enfrentado el cuadro benidormense en las \u00faltimas fechas, se tratar\u00e1 de recuperar a la mayor cantidad de efectivos posible para este choque.<\/p>  <p>Frente a ellos, formar\u00e1 un Alcobendas que suma once derrotas en otras tantas jornadas disputadas y que, por el momento, s\u00f3lo en el choque ante Soria (8\u00aa jornada) dio la sensaci\u00f3n de poder revertir esa mala racha. Los madrile\u00f1os, eso s\u00ed, tratar\u00e1n de dar la sorpresa ante un equipo que saben que llegar\u00e1 muy tocado y cansado.<\/p>  <p>Marko Krivokapic contar\u00e1 para este partido con el nuevo fichaje del Balonmano Servigroup Benidorm, el serbio Uros Ostojic, que lleva ya varias sesiones de entrenamiento con sus nuevos compa\u00f1eros y que podr\u00eda debutar ante el Alcobendas si el entrenador lo considera oportuno.<\/p> ","protected":false},"excerpt":{"rendered":"<p>El equipo del Palau se mide al colista con la vista puesta en recuperar las posiciones de ascenso<\/p>\n","protected":false},"author":0,"featured_media":20350,"comment_status":"","ping_status":"open","sticky":false,"template":"","format":"standard","meta":{"_acf_changed":false,"footnotes":""},"categories":[16],"tags":[],"class_list":["post-20349","post","type-post","status-publish","format-standard","has-post-thumbnail","hentry","category-deportes"],"acf":{"ser_id":"L3OAOZTLVNDZHJ7354CDGKORME","ser_url":"https:\/\/cadenaser.com\/comunitat-valenciana\/2025\/11\/28\/el-balonmano-servigroup-benidorm-cierra-su-agitado-noviembre-en-alcobendas-radio-benidorm\/"},"_links":{"self":[{"href":"https:\/\/serbenidorm.daliisolutions.com\/index.php\/wp-json\/wp\/v2\/posts\/20349","targetHints":{"allow":["GET"]}}],"collection":[{"href":"https:\/\/serbenidorm.daliisolutions.com\/index.php\/wp-json\/wp\/v2\/posts"}],"about":[{"href":"https:\/\/serbenidorm.daliisolutions.com\/index.php\/wp-json\/wp\/v2\/types\/post"}],"replies":[{"embeddable":true,"href":"https:\/\/serbenidorm.daliisolutions.com\/index.php\/wp-json\/wp\/v2\/comments?post=20349"}],"version-history":[{"count":0,"href":"https:\/\/serbenidorm.daliisolutions.com\/index.php\/wp-json\/wp\/v2\/posts\/20349\/revisions"}],"wp:featuredmedia":[{"embeddable":true,"href":"https:\/\/serbenidorm.daliisolutions.com\/index.php\/wp-json\/wp\/v2\/media\/20350"}],"wp:attachment":[{"href":"https:\/\/serbenidorm.daliisolutions.com\/index.php\/wp-json\/wp\/v2\/media?parent=20349"}],"wp:term":[{"taxonomy":"category","embeddable":true,"href":"https:\/\/serbenidorm.daliisolutions.com\/index.php\/wp-json\/wp\/v2\/categories?post=20349"},{"taxonomy":"post_tag","embeddable":true,"href":"https:\/\/serbenidorm.daliisolutions.com\/index.php\/wp-json\/wp\/v2\/tags?post=20349"}],"curies":[{"name":"wp","href":"https:\/\/api.w.org\/{rel}","templated":true}]}}